{"id":23667,"date":"2015-05-21T18:18:19","date_gmt":"2015-05-21T15:18:19","guid":{"rendered":"http:\/\/sana.sy\/es\/?p=23667"},"modified":"2015-05-22T15:51:47","modified_gmt":"2015-05-22T12:51:47","slug":"ejercito-destruye-a-una-sede-de-terroristas-en-alepo-y-elimina-a-integrantes-del-frente-al-nousra-en-deraa","status":"publish","type":"post","link":"https:\/\/archive.sana.sy\/es\/?p=23667","title":{"rendered":"Ej\u00e9rcito destruye a una sede de terroristas en Alepo y elimina a integrantes del Frente al-Nousra en Deraa"},"content":{"rendered":"<div>\n<div><span lang=\"ES-TRAD\" style=\"color: #800000\">Provincias, SANA<\/span><\/div>\n<div><span lang=\"ES-TRAD\">\u00a0<\/span><\/div>\n<div><span lang=\"ES-TRAD\">Una unidad de las Fuerzas Armadas bombarde\u00f3 a una sede de bandas terroristas en el barrio de Karem al-Katerji, en la ciudad de Alepo.<\/span><\/div>\n<div><\/div>\n<div><span lang=\"ES-TRAD\">En el bombardeo, fueron eliminados todos los terroristas que estaban dentro de la sede. \u00a0\u00a0<\/span><\/div>\n<\/div>\n<div><\/div>\n<div><span style=\"color: #0000ff\">Deraa<\/span><\/div>\n<div>\n<div><span lang=\"ES-TRAD\">\u00a0<\/span><\/div>\n<div><span lang=\"ES-TRAD\">En el sur del pa\u00eds, una fuente militar inform\u00f3 que escuadras del ej\u00e9rcito liquidaron a terroristas del Frente al-Nousra al este de la colina de Antar, en el campo de la provincia de Deraa.<\/span><\/div>\n<\/div>\n<div><\/div>\n<div><span style=\"color: #0000ff\">Quneitra<\/span><\/div>\n<div><\/div>\n<div>En el campo este de Quneitra, las FFAA acabaron con terroristas del \u201cMovimiento Isl\u00e1mico de Shaam\u201d, \u201c las Brigadas de al-Furkan\u201d, grupos afiliados al Frente de al-Nousra, \u00a0en operativos contra\u00a0posiciones suyas al\u00a0sur de la colina de Masharah adyacente a la provincia de Deraa.<\/div>\n<div>\n<p><span style=\"color: #0000ff\">Alepo<\/span><\/p>\n<p>Por otra parte, una fuente militar dijo que unidades de las fuerzas armadas abatieron adecenas de terroristas y devastaron sus veh\u00edculos en las inmediaciones de la academia a\u00e9rea, Andanan, Khan Asal, Shamer, Handarat, Soran, Bani Zied.<\/p>\n<\/div>\n<div><span style=\"color: #00ccff\">Fady M., Hala B., Lynn A.\/Y.K.<\/span><\/div>\n","protected":false},"excerpt":{"rendered":"<p>Provincias, SANA \u00a0 Una unidad de las Fuerzas Armadas bombarde\u00f3 a una sede de bandas terroristas en el barrio de Karem al-Katerji, en la ciudad de Alepo. En el bombardeo, fueron eliminados todos los terroristas que estaban dentro de la sede. \u00a0\u00a0 Deraa \u00a0 En el sur del pa\u00eds, una fuente militar inform\u00f3 que escuadras &hellip;<\/p>\n","protected":false},"author":1,"featured_media":23668,"comment_status":"closed","ping_status":"closed","sticky":false,"template":"","format":"standard","meta":{"footnotes":""},"categories":[573],"tags":[5343,5344],"class_list":["post-23667","post","type-post","status-publish","format-standard","has-post-thumbnail","","category-la-realidad-de-los-acontecimientos-en-siria","tag-ejercito-destruye-a-una-sede-de-terroristas-en-alepo-y-elimina-a-integrantes-del-frente-al-nousra-en-deraa","tag-httpsana-sywp-contentuploads201505sana-army-11-jpg"],"_links":{"self":[{"href":"https:\/\/archive.sana.sy\/es\/index.php?rest_route=\/wp\/v2\/posts\/23667"}],"collection":[{"href":"https:\/\/archive.sana.sy\/es\/index.php?rest_route=\/wp\/v2\/posts"}],"about":[{"href":"https:\/\/archive.sana.sy\/es\/index.php?rest_route=\/wp\/v2\/types\/post"}],"author":[{"embeddable":true,"href":"https:\/\/archive.sana.sy\/es\/index.php?rest_route=\/wp\/v2\/users\/1"}],"replies":[{"embeddable":true,"href":"https:\/\/archive.sana.sy\/es\/index.php?rest_route=%2Fwp%2Fv2%2Fcomments&post=23667"}],"version-history":[{"count":0,"href":"https:\/\/archive.sana.sy\/es\/index.php?rest_route=\/wp\/v2\/posts\/23667\/revisions"}],"wp:featuredmedia":[{"embeddable":true,"href":"https:\/\/archive.sana.sy\/es\/index.php?rest_route=\/wp\/v2\/media\/23668"}],"wp:attachment":[{"href":"https:\/\/archive.sana.sy\/es\/index.php?rest_route=%2Fwp%2Fv2%2Fmedia&parent=23667"}],"wp:term":[{"taxonomy":"category","embeddable":true,"href":"https:\/\/archive.sana.sy\/es\/index.php?rest_route=%2Fwp%2Fv2%2Fcategories&post=23667"},{"taxonomy":"post_tag","embeddable":true,"href":"https:\/\/archive.sana.sy\/es\/index.php?rest_route=%2Fwp%2Fv2%2Ftags&post=23667"}],"curies":[{"name":"wp","href":"https:\/\/api.w.org\/{rel}","templated":true}]}}