{"id":236682,"date":"2022-06-01T20:36:06","date_gmt":"2022-06-01T17:36:06","guid":{"rendered":"http:\/\/107.6.182.27\/es\/?p=236682"},"modified":"2022-06-01T20:36:06","modified_gmt":"2022-06-01T17:36:06","slug":"ministro-de-agricultura-califica-de-muy-buena-calidad-de-la-cosecha-de-trigo-en-tartus","status":"publish","type":"post","link":"https:\/\/archive.sana.sy\/es\/?p=236682","title":{"rendered":"Ministro de Agricultura califica de \u201cmuy buena\u201d calidad de la cosecha de trigo en Tartus"},"content":{"rendered":"<p style=\"text-align: justify;\"><span style=\"color: #800000;\"><strong>Tartus, 1 jun (SANA)<\/strong> <\/span>El Ministro de Agricultura y Reforma Agraria, Mohamad Hassan Qatana, califico de muy buena la calidad de la cosecha de trigo de esta temporada en la gobernaci\u00f3n de Tartus.<\/p>\n<p style=\"text-align: justify;\">La declaraci\u00f3n del ministro se produjo durante su recorrido en la gobernaci\u00f3n costera para estar al tanto del proceso de comercializaci\u00f3n de la cosecha de trigo, donde declar\u00f3 a los periodistas que la gira tiene como objetivo estar con los agricultores en sus campos y conocer la realidad del proceso de comercializaci\u00f3n del trigo y las medidas tomadas en este sentido.<\/p>\n<p>&nbsp;<\/p>\n<div id='gallery-1' class='gallery galleryid-236682 gallery-columns-1 gallery-size-full'><figure class='gallery-item'>\n\t\t\t<div class='gallery-icon landscape'>\n\t\t\t\t<a href='https:\/\/archive.sana.sy\/es\/?attachment_id=236687'><img loading=\"lazy\" decoding=\"async\" width=\"660\" height=\"385\" src=\"https:\/\/archive.sana.sy\/es\/wp-content\/uploads\/2022\/06\/2-15.jpg\" class=\"attachment-full size-full\" alt=\"\" srcset=\"https:\/\/archive.sana.sy\/es\/wp-content\/uploads\/2022\/06\/2-15.jpg 660w, https:\/\/archive.sana.sy\/es\/wp-content\/uploads\/2022\/06\/2-15-300x175.jpg 300w, https:\/\/archive.sana.sy\/es\/wp-content\/uploads\/2022\/06\/2-15-150x88.jpg 150w\" sizes=\"(max-width: 660px) 100vw, 660px\" \/><\/a>\n\t\t\t<\/div><\/figure><figure class='gallery-item'>\n\t\t\t<div class='gallery-icon landscape'>\n\t\t\t\t<a href='https:\/\/archive.sana.sy\/es\/?attachment_id=236688'><img loading=\"lazy\" decoding=\"async\" width=\"660\" height=\"440\" src=\"https:\/\/archive.sana.sy\/es\/wp-content\/uploads\/2022\/06\/3-8.jpg\" class=\"attachment-full size-full\" alt=\"\" srcset=\"https:\/\/archive.sana.sy\/es\/wp-content\/uploads\/2022\/06\/3-8.jpg 660w, https:\/\/archive.sana.sy\/es\/wp-content\/uploads\/2022\/06\/3-8-300x200.jpg 300w, https:\/\/archive.sana.sy\/es\/wp-content\/uploads\/2022\/06\/3-8-150x100.jpg 150w\" sizes=\"(max-width: 660px) 100vw, 660px\" \/><\/a>\n\t\t\t<\/div><\/figure>\n\t\t<\/div>\n\n<p>mm<\/p>\n","protected":false},"excerpt":{"rendered":"<p>Tartus, 1 jun (SANA) El Ministro de Agricultura y Reforma Agraria, Mohamad Hassan Qatana, califico de muy buena la calidad de la cosecha de trigo de esta temporada en la gobernaci\u00f3n de Tartus. La declaraci\u00f3n del ministro se produjo durante su recorrido en la gobernaci\u00f3n costera para estar al tanto del proceso de comercializaci\u00f3n de &hellip;<\/p>\n","protected":false},"author":36,"featured_media":236686,"comment_status":"closed","ping_status":"closed","sticky":false,"template":"","format":"standard","meta":{"footnotes":""},"categories":[477,597,573,476],"tags":[],"class_list":["post-236682","post","type-post","status-publish","format-standard","has-post-thumbnail","","category-noticias-edulcorantes","category-cinta-de-noticias","category-la-realidad-de-los-acontecimientos-en-siria","category-locales"],"_links":{"self":[{"href":"https:\/\/archive.sana.sy\/es\/index.php?rest_route=\/wp\/v2\/posts\/236682"}],"collection":[{"href":"https:\/\/archive.sana.sy\/es\/index.php?rest_route=\/wp\/v2\/posts"}],"about":[{"href":"https:\/\/archive.sana.sy\/es\/index.php?rest_route=\/wp\/v2\/types\/post"}],"author":[{"embeddable":true,"href":"https:\/\/archive.sana.sy\/es\/index.php?rest_route=\/wp\/v2\/users\/36"}],"replies":[{"embeddable":true,"href":"https:\/\/archive.sana.sy\/es\/index.php?rest_route=%2Fwp%2Fv2%2Fcomments&post=236682"}],"version-history":[{"count":0,"href":"https:\/\/archive.sana.sy\/es\/index.php?rest_route=\/wp\/v2\/posts\/236682\/revisions"}],"wp:featuredmedia":[{"embeddable":true,"href":"https:\/\/archive.sana.sy\/es\/index.php?rest_route=\/wp\/v2\/media\/236686"}],"wp:attachment":[{"href":"https:\/\/archive.sana.sy\/es\/index.php?rest_route=%2Fwp%2Fv2%2Fmedia&parent=236682"}],"wp:term":[{"taxonomy":"category","embeddable":true,"href":"https:\/\/archive.sana.sy\/es\/index.php?rest_route=%2Fwp%2Fv2%2Fcategories&post=236682"},{"taxonomy":"post_tag","embeddable":true,"href":"https:\/\/archive.sana.sy\/es\/index.php?rest_route=%2Fwp%2Fv2%2Ftags&post=236682"}],"curies":[{"name":"wp","href":"https:\/\/api.w.org\/{rel}","templated":true}]}}