{"id":23670,"date":"2015-05-21T13:23:28","date_gmt":"2015-05-21T10:23:28","guid":{"rendered":"http:\/\/sana.sy\/es\/?p=23670"},"modified":"2015-05-21T13:23:28","modified_gmt":"2015-05-21T10:23:28","slug":"inicia-el-festival-de-cosecha-de-la-rosa-de-damasco-en-el-poblado-de-marah-en-damasco-campo","status":"publish","type":"post","link":"https:\/\/archive.sana.sy\/es\/?p=23670","title":{"rendered":"Inicia el festival de cosecha de la Rosa de Damasco en el poblado de Marah en Damasco-campo"},"content":{"rendered":"<p><span style=\"color: #ff0000\">Damasco, SANA<\/span><\/p>\n<div><span lang=\"ES-TRAD\">Este evento apunta a dar a conocer la importancia de este cultivo nacional como un producto digno de ser apoyado, teniendo en cuenta que esta Rosa tiene un valor patrimonial en la vida de los sirios, adem\u00e1s de sus diversos beneficios para la salud.<\/span><\/div>\n<div><span lang=\"ES-TRAD\">\u00a0<\/span><\/div>\n<div><span lang=\"ES-TRAD\">La aldea de Marah se considera como el lugar m\u00e1s apropiado para el cultivo de la Rosa de Damasco. Est\u00e1 situada a una altitud de 1.400 metros y goza de una naturaleza monta\u00f1osa y caliza.<\/span><\/div>\n<div><span lang=\"ES-TRAD\">\u00a0<\/span><\/div>\n<div><span lang=\"ES-TRAD\">Cabe resaltar que el aceite de la Roza de Damasco se considera como un tesoro nacional real.<\/span><\/div>\n<div><\/div>\n<div><span style=\"color: #00ccff\">Fady M., Hala B.<\/span><\/div>\n","protected":false},"excerpt":{"rendered":"<p>Damasco, SANA Este evento apunta a dar a conocer la importancia de este cultivo nacional como un producto digno de ser apoyado, teniendo en cuenta que esta Rosa tiene un valor patrimonial en la vida de los sirios, adem\u00e1s de sus diversos beneficios para la salud. \u00a0 La aldea de Marah se considera como el &hellip;<\/p>\n","protected":false},"author":1,"featured_media":23671,"comment_status":"closed","ping_status":"closed","sticky":false,"template":"","format":"standard","meta":{"footnotes":""},"categories":[597,476],"tags":[5345],"class_list":["post-23670","post","type-post","status-publish","format-standard","has-post-thumbnail","","category-cinta-de-noticias","category-locales","tag-inicia-el-festival-de-cosecha-de-la-rosa-de-damasco-en-el-poblado-de-marah-en-damasco-campo"],"_links":{"self":[{"href":"https:\/\/archive.sana.sy\/es\/index.php?rest_route=\/wp\/v2\/posts\/23670"}],"collection":[{"href":"https:\/\/archive.sana.sy\/es\/index.php?rest_route=\/wp\/v2\/posts"}],"about":[{"href":"https:\/\/archive.sana.sy\/es\/index.php?rest_route=\/wp\/v2\/types\/post"}],"author":[{"embeddable":true,"href":"https:\/\/archive.sana.sy\/es\/index.php?rest_route=\/wp\/v2\/users\/1"}],"replies":[{"embeddable":true,"href":"https:\/\/archive.sana.sy\/es\/index.php?rest_route=%2Fwp%2Fv2%2Fcomments&post=23670"}],"version-history":[{"count":0,"href":"https:\/\/archive.sana.sy\/es\/index.php?rest_route=\/wp\/v2\/posts\/23670\/revisions"}],"wp:featuredmedia":[{"embeddable":true,"href":"https:\/\/archive.sana.sy\/es\/index.php?rest_route=\/wp\/v2\/media\/23671"}],"wp:attachment":[{"href":"https:\/\/archive.sana.sy\/es\/index.php?rest_route=%2Fwp%2Fv2%2Fmedia&parent=23670"}],"wp:term":[{"taxonomy":"category","embeddable":true,"href":"https:\/\/archive.sana.sy\/es\/index.php?rest_route=%2Fwp%2Fv2%2Fcategories&post=23670"},{"taxonomy":"post_tag","embeddable":true,"href":"https:\/\/archive.sana.sy\/es\/index.php?rest_route=%2Fwp%2Fv2%2Ftags&post=23670"}],"curies":[{"name":"wp","href":"https:\/\/api.w.org\/{rel}","templated":true}]}}