{"id":236708,"date":"2022-06-01T21:12:19","date_gmt":"2022-06-01T18:12:19","guid":{"rendered":"http:\/\/107.6.182.27\/es\/?p=236708"},"modified":"2022-06-01T21:12:19","modified_gmt":"2022-06-01T18:12:19","slug":"obras-del-compositor-argentino-astor-piazzola-unen-en-damasco-a-musicos-de-siria-argentina-y-armenia","status":"publish","type":"post","link":"https:\/\/archive.sana.sy\/es\/?p=236708","title":{"rendered":"Obras del compositor argentino Astor Piazzola unen en Damasco a m\u00fasicos de Siria, Argentina y Armenia"},"content":{"rendered":"<blockquote><p><span style=\"color: #800000;\"><strong>La Casa al-Assad para la Cultura y las Artes (la \u00d3pera) organiza este jueves en cooperaci\u00f3n con la Embajada de la Rep\u00fablica Argentina en Damasco, una velada musical con un grupo de m\u00fasicos de Siria, Argentina y Armenia, donde se interpretar\u00e1n obras del compositor argentino \u201cAstor Piazzola\u201d .<\/strong><\/span><\/p><\/blockquote>\n<p style=\"text-align: justify;\"><span style=\"color: #800000;\"><strong>Damasco, 1 jun (SANA)<\/strong> <\/span>La Casa al-Assad para la Cultura y las Artes (la \u00d3pera) organiza este jueves en cooperaci\u00f3n con la Embajada de la Rep\u00fablica Argentina en Damasco, una velada musical con un grupo de m\u00fasicos de Siria, Argentina y Armenia, donde se interpretar\u00e1n obras del compositor argentino \u201cAstor Piazzola\u201d .<\/p>\n<p style=\"text-align: justify;\">Adem\u00e1s de los m\u00fasicos sirios, participar\u00e1 la cantante argentina \u201cMariel Dupetit\u201d, el bandoneonista Walter R\u00edos y el grupo musical cadence dirigido por el pianista Arman Babkhanian.<\/p>\n<p style=\"text-align: justify;\">En este sentido, la \u00d3pera organiz\u00f3 una conferencia de prensa en la que su director el maestro Andre Maalouli, confirm\u00f3 que el compositor Piazzola dej\u00f3 un gran legado para el mundo.<\/p>\n<p style=\"text-align: justify;\">En respuesta a una pregunta sobre la importancia de estos eventos, el maestro Maalouli explic\u00f3 que la m\u00fasica tiene varias escuelas en el mundo, y cada una de ellas se relaciona con la naturaleza de los pa\u00edses y sus pueblos, y que el intercambio de estas culturas ayuda al m\u00fasico a enriquecer su experiencia.<\/p>\n<p style=\"text-align: justify;\">Por su parte, el Embajador argentino, Sebasti\u00e1n Zavala, explic\u00f3 que lo que distingue a Argentina es la riqueza de su cultura, y este concierto refleja la producci\u00f3n cultural que atesora su pa\u00eds.<\/p>\n<p style=\"text-align: justify;\">Destac\u00f3 la importancia de la m\u00fasica para unir las culturas de los pueblos a fin de aliviarlos de las guerras y enfermedades que enfrentan.<\/p>\n<p>&nbsp;<\/p>\n<div id='gallery-1' class='gallery galleryid-236708 gallery-columns-1 gallery-size-full'><figure class='gallery-item'>\n\t\t\t<div class='gallery-icon landscape'>\n\t\t\t\t<a href='https:\/\/archive.sana.sy\/es\/?attachment_id=236712'><img loading=\"lazy\" decoding=\"async\" width=\"660\" height=\"365\" src=\"https:\/\/archive.sana.sy\/es\/wp-content\/uploads\/2022\/06\/8.jpg\" class=\"attachment-full size-full\" alt=\"\" srcset=\"https:\/\/archive.sana.sy\/es\/wp-content\/uploads\/2022\/06\/8.jpg 660w, https:\/\/archive.sana.sy\/es\/wp-content\/uploads\/2022\/06\/8-300x166.jpg 300w, https:\/\/archive.sana.sy\/es\/wp-content\/uploads\/2022\/06\/8-150x83.jpg 150w\" sizes=\"(max-width: 660px) 100vw, 660px\" \/><\/a>\n\t\t\t<\/div><\/figure><figure class='gallery-item'>\n\t\t\t<div class='gallery-icon landscape'>\n\t\t\t\t<a href='https:\/\/archive.sana.sy\/es\/?attachment_id=236711'><img loading=\"lazy\" decoding=\"async\" width=\"660\" height=\"374\" src=\"https:\/\/archive.sana.sy\/es\/wp-content\/uploads\/2022\/06\/7.jpg\" class=\"attachment-full size-full\" alt=\"\" srcset=\"https:\/\/archive.sana.sy\/es\/wp-content\/uploads\/2022\/06\/7.jpg 660w, https:\/\/archive.sana.sy\/es\/wp-content\/uploads\/2022\/06\/7-300x170.jpg 300w, https:\/\/archive.sana.sy\/es\/wp-content\/uploads\/2022\/06\/7-150x85.jpg 150w\" sizes=\"(max-width: 660px) 100vw, 660px\" \/><\/a>\n\t\t\t<\/div><\/figure><figure class='gallery-item'>\n\t\t\t<div class='gallery-icon landscape'>\n\t\t\t\t<a href='https:\/\/archive.sana.sy\/es\/?attachment_id=236713'><img loading=\"lazy\" decoding=\"async\" width=\"660\" height=\"361\" src=\"https:\/\/archive.sana.sy\/es\/wp-content\/uploads\/2022\/06\/9.jpg\" class=\"attachment-full size-full\" alt=\"\" srcset=\"https:\/\/archive.sana.sy\/es\/wp-content\/uploads\/2022\/06\/9.jpg 660w, https:\/\/archive.sana.sy\/es\/wp-content\/uploads\/2022\/06\/9-300x164.jpg 300w, https:\/\/archive.sana.sy\/es\/wp-content\/uploads\/2022\/06\/9-150x82.jpg 150w\" sizes=\"(max-width: 660px) 100vw, 660px\" \/><\/a>\n\t\t\t<\/div><\/figure><figure class='gallery-item'>\n\t\t\t<div class='gallery-icon landscape'>\n\t\t\t\t<a href='https:\/\/archive.sana.sy\/es\/?attachment_id=236710'><img loading=\"lazy\" decoding=\"async\" width=\"660\" height=\"374\" src=\"https:\/\/archive.sana.sy\/es\/wp-content\/uploads\/2022\/06\/6.jpg\" class=\"attachment-full size-full\" alt=\"\" srcset=\"https:\/\/archive.sana.sy\/es\/wp-content\/uploads\/2022\/06\/6.jpg 660w, https:\/\/archive.sana.sy\/es\/wp-content\/uploads\/2022\/06\/6-300x170.jpg 300w, https:\/\/archive.sana.sy\/es\/wp-content\/uploads\/2022\/06\/6-150x85.jpg 150w\" sizes=\"(max-width: 660px) 100vw, 660px\" \/><\/a>\n\t\t\t<\/div><\/figure>\n\t\t<\/div>\n\n<p>mm\/fm<\/p>\n","protected":false},"excerpt":{"rendered":"<p>La Casa al-Assad para la Cultura y las Artes (la \u00d3pera) organiza este jueves en cooperaci\u00f3n con la Embajada de la Rep\u00fablica Argentina en Damasco, una velada musical con un grupo de m\u00fasicos de Siria, Argentina y Armenia, donde se interpretar\u00e1n obras del compositor argentino \u201cAstor Piazzola\u201d . Damasco, 1 jun (SANA) La Casa al-Assad &hellip;<\/p>\n","protected":false},"author":36,"featured_media":236709,"comment_status":"closed","ping_status":"closed","sticky":false,"template":"","format":"standard","meta":{"footnotes":""},"categories":[477,597,573,476,7541],"tags":[],"class_list":["post-236708","post","type-post","status-publish","format-standard","has-post-thumbnail","","category-noticias-edulcorantes","category-cinta-de-noticias","category-la-realidad-de-los-acontecimientos-en-siria","category-locales","category-ultimas-noticias"],"_links":{"self":[{"href":"https:\/\/archive.sana.sy\/es\/index.php?rest_route=\/wp\/v2\/posts\/236708"}],"collection":[{"href":"https:\/\/archive.sana.sy\/es\/index.php?rest_route=\/wp\/v2\/posts"}],"about":[{"href":"https:\/\/archive.sana.sy\/es\/index.php?rest_route=\/wp\/v2\/types\/post"}],"author":[{"embeddable":true,"href":"https:\/\/archive.sana.sy\/es\/index.php?rest_route=\/wp\/v2\/users\/36"}],"replies":[{"embeddable":true,"href":"https:\/\/archive.sana.sy\/es\/index.php?rest_route=%2Fwp%2Fv2%2Fcomments&post=236708"}],"version-history":[{"count":0,"href":"https:\/\/archive.sana.sy\/es\/index.php?rest_route=\/wp\/v2\/posts\/236708\/revisions"}],"wp:featuredmedia":[{"embeddable":true,"href":"https:\/\/archive.sana.sy\/es\/index.php?rest_route=\/wp\/v2\/media\/236709"}],"wp:attachment":[{"href":"https:\/\/archive.sana.sy\/es\/index.php?rest_route=%2Fwp%2Fv2%2Fmedia&parent=236708"}],"wp:term":[{"taxonomy":"category","embeddable":true,"href":"https:\/\/archive.sana.sy\/es\/index.php?rest_route=%2Fwp%2Fv2%2Fcategories&post=236708"},{"taxonomy":"post_tag","embeddable":true,"href":"https:\/\/archive.sana.sy\/es\/index.php?rest_route=%2Fwp%2Fv2%2Ftags&post=236708"}],"curies":[{"name":"wp","href":"https:\/\/api.w.org\/{rel}","templated":true}]}}