{"id":236715,"date":"2022-06-01T21:19:41","date_gmt":"2022-06-01T18:19:41","guid":{"rendered":"http:\/\/107.6.182.27\/es\/?p=236715"},"modified":"2022-06-01T21:51:57","modified_gmt":"2022-06-01T18:51:57","slug":"estados-unidos-y-la-cultura-de-las-armas","status":"publish","type":"post","link":"https:\/\/archive.sana.sy\/es\/?p=236715","title":{"rendered":"Estados Unidos y la cultura de las armas"},"content":{"rendered":"<blockquote><p><span style=\"color: #800000;\"><strong>Datos de estudios recientes revelaron que la compra de armas creci\u00f3 de manera significativa en los \u00faltimos a\u00f1os. Una investigaci\u00f3n publicada en la revista m\u00e9dica Annals of Internal Medicine se\u00f1al\u00f3 que 7,5 millones de adultos estadounidenses -algo menos del tres por ciento de la poblaci\u00f3n-, adquirieron un arma de fuego por primera vez entre enero de 2019 y abril de 2021.<\/strong><\/span><\/p><\/blockquote>\n<p style=\"text-align: justify;\"><strong><span style=\"color: #800000;\">Damasco 1 jun (SANA)<\/span> <\/strong>La reciente masacre en una escuela primaria en Uvalde, Texas, donde perdieron la vida 19 ni\u00f1os y dos maestras, puso de relieve el impacto de la cultura de las armas en Estados Unidos, donde los tiroteos masivos mantienen la sociedad a media asta.<\/p>\n<p style=\"text-align: justify;\">El autor de la matanza, identificado como Salvador Ramos, compr\u00f3 legalmente dos rifles estilo AR unos d\u00edas antes del ataque, poco despu\u00e9s de cumplir sus 18 a\u00f1os. No tuvo problemas para adquirirlos, ya que Texas tiene, adem\u00e1s, una de las leyes m\u00e1s laxas del pa\u00eds para el porte de armas de fuego.<\/p>\n<p style=\"text-align: justify;\">Seg\u00fan la reconstrucci\u00f3n de los hechos, el pasado 24 de mayo, luego de un incidente con su abuela, a quien le dispar\u00f3 en el rostro, el exalumno de la Robb Elementary School irrumpi\u00f3 en el centro escolar y se atrincher\u00f3 en uno de los salones de clase.<\/p>\n<p style=\"text-align: justify;\">Antes de Uvalde y desde el inicio de 2022, se registraron alrededor de 210 tiroteos masivos, de ellos cerca de 26 en instituciones educativas estadounidenses con saldo de 46 v\u00edctimas entre fallecidos y heridos, revel\u00f3 la organizaci\u00f3n independiente de noticias Education Week.<\/p>\n<p style=\"text-align: justify;\">Por su parte, el Centro para el Control y la Prevenci\u00f3n de Enfermedades (CDC) se\u00f1al\u00f3 que 45 mil 222 personas perecieron en ese pa\u00eds por lesiones relacionadas con las armas de fuego en 2020, el \u00faltimo a\u00f1o del que se dispone de datos completos.<\/p>\n<p style=\"text-align: justify;\">Estados Unidos tiene condiciones socio-hist\u00f3ricas que perfilaron una cultura de veneraci\u00f3n y posesi\u00f3n de las armas, a juicio de algunos expertos, quienes estiman que esa es una de las razones que impiden su regulaci\u00f3n.<\/p>\n<p style=\"text-align: justify;\"><em>DIF\u00cdCIL CAMINO DEL CONTROL<\/em><\/p>\n<p style=\"text-align: justify;\">Aunque es tarea dif\u00edcil calcular el n\u00famero de armas de fuego en manos privadas, se estima que Estados Unidos es la naci\u00f3n con mayor cantidad de civiles propietarios de esos artefactos.<\/p>\n<p style=\"text-align: justify;\">Hacia 2018 las estad\u00edsticas arrojaron que exist\u00edan 120,5 armas por cada 100 habitantes, frente a 88 por cada 100 en 2011.<\/p>\n<p style=\"text-align: justify;\">Datos de estudios recientes revelaron que la compra de armas creci\u00f3 de manera significativa en los \u00faltimos a\u00f1os. Una investigaci\u00f3n publicada en la revista m\u00e9dica Annals of Internal Medicine se\u00f1al\u00f3 que 7,5 millones de adultos estadounidenses -algo menos del tres por ciento de la poblaci\u00f3n-, adquirieron un arma de fuego por primera vez entre enero de 2019 y abril de 2021.<\/p>\n<p style=\"text-align: justify;\">La organizaci\u00f3n Gun Violence Archive advirti\u00f3 que desde 2019 hay m\u00e1s tiroteos que d\u00edas del a\u00f1o en Estados Unidos y casi 53 personas mueren cada d\u00eda por un arma de fuego.<\/p>\n<p style=\"text-align: justify;\">Sin embargo, la oposici\u00f3n al control hace todav\u00eda m\u00e1s escarpado el camino en el Congreso de Estados Unidos.<\/p>\n<p style=\"text-align: justify;\">La masacre en Uvalde desencaden\u00f3 un coro de llamamientos a favor del endurecimiento de las leyes de armas, a lo cual se opone la poderosa Asociaci\u00f3n Nacional del Rifle (NRA) que lleva tiempo presionando a los legisladores del Partido Republicano para bloquear cualquier iniciativa en el Capitolio.<\/p>\n<p style=\"text-align: justify;\">El grupo de cabildeo celebr\u00f3 su convenci\u00f3n anual el 27 de mayo en Houston, Texas, a solo 450 kil\u00f3metros de la escena de terror vivida en Uvalde.<\/p>\n<p style=\"text-align: justify;\">Wayne LaPierre, presidente ejecutivo de la NRA, sostuvo solo que otro tiroteo masivo como el de Uvalde \u00abno deber\u00eda volver a ocurrir\u00bb y mantuvo su rechazo a las propuestas para regular las armas de fuego, cuya posesi\u00f3n calific\u00f3 de \u00abderecho humano fundamental\u00bb.<\/p>\n<p style=\"text-align: justify;\">Para algunos observadores qued\u00f3 claro que los comentarios de LaPierre siguen en l\u00ednea con la postura de la asociaci\u00f3n de impedir cualquier intento de restricci\u00f3n, incluida la ampliaci\u00f3n de los controles de antecedentes y la prohibici\u00f3n de las consideradas de asalto.<\/p>\n<p style=\"text-align: justify;\">\u00abRestringir el derecho humano fundamental de los estadounidenses respetuosos de la ley a defenderse no es la respuesta. Nunca lo ha sido\u00bb, afirm\u00f3.<\/p>\n<p style=\"text-align: justify;\">Lejos de solicitar eliminarlas, sugiri\u00f3 m\u00e1s seguridad en las escuelas, cambios en el sistema de justicia penal y nuevos fondos para \u00abarreglar el sistema de salud mental roto de nuestra naci\u00f3n\u00bb que son, a criterio suyo, los factores que evitar\u00e1n futuros tiroteos en las escuelas.<\/p>\n<p style=\"text-align: justify;\">Mientras, el expresidente Donald Trump (2017-2021) acus\u00f3 a los dem\u00f3cratas de \u201cpolitizar\u201d el tiroteo en la escuela de Uvalde y consider\u00f3 que \u201clas pol\u00edticas de control de armas impulsadas por la izquierda no habr\u00edan hecho nada para evitar el horror que tuvo lugar. Absolutamente nada\u201d.<\/p>\n<p style=\"text-align: justify;\">Al hablar en la reuni\u00f3n de la NRA, el exmandatario opin\u00f3 que la soluci\u00f3n pasa por colocar detectores de metales en las entradas de los colegios y construir puertas que puedan bloquearse desde el interior para impedir \u201cel acceso de intrusos\u201d.<\/p>\n<p style=\"text-align: justify;\">Trump atribuy\u00f3 toda la culpa a la salud mental del atacante, obviando el papel de las armas en el tiroteo y defendi\u00f3 la Segunda Enmienda de la Constituci\u00f3n, que consagra el derecho de los estadounidenses a poseer armas.<\/p>\n<p style=\"text-align: justify;\">Tras el reciente tiroteo en la escuela texana, el presidente Joe Biden reiter\u00f3 que el pa\u00eds debe tener leyes de armas \u00abde sentido com\u00fan\u00bb que no tengan \u00abning\u00fan impacto\u00bb en la Segunda Enmienda.<\/p>\n<p style=\"text-align: justify;\">\u00abLa Segunda Enmienda no es absoluta. Cuando se aprob\u00f3 (en 1791) no pod\u00edas tener un ca\u00f1\u00f3n, no pod\u00edas tener cierto tipo de armas\u00bb, dijo Biden un d\u00eda despu\u00e9s de la matanza.<\/p>\n<p style=\"text-align: justify;\"><em>NECESIDAD DE COMPROMISO LEGISLATIVO<\/em><\/p>\n<p style=\"text-align: justify;\">Un grupo bipartidista de senadores tambi\u00e9n comenz\u00f3 a reunirse en un esfuerzo por alcanzar compromisos sobre una eventual legislaci\u00f3n. Chris Murphy (dem\u00f3crata por Connecticut), quien lidera esas conversaciones, tuite\u00f3 que \u00abesta vez, el fracaso no puede ser una opci\u00f3n\u00bb.<\/p>\n<p style=\"text-align: justify;\">Al menos dos iniciativas legales importantes sobre el control de armas fueron aprobadas en fecha reciente en primera instancia por la C\u00e1mara de los Representantes, pero se atascaron en el Senado por la oposici\u00f3n de los republicanos.<\/p>\n<p style=\"text-align: justify;\">Por cierto, el lado rojo se lleg\u00f3 a proponer como soluci\u00f3n a casos como el de Uvalde, que los profesores est\u00e9n armados en los centros escolares. As\u00ed lo afirm\u00f3 el fiscal general de Texas, Ken Paxton, en una entrevista concedida a Newsmax.<\/p>\n<p style=\"text-align: justify;\">\u00abNo podemos evitar que la gente mala haga cosas malas. Podemos armar y preparar y formar a los profesores y otros administradores para que respondan r\u00e1pidamente. Esa es, en mi opini\u00f3n, la mejor respuesta\u00bb, subray\u00f3.<\/p>\n<p style=\"text-align: justify;\">Entretanto, Biden admite que necesitan cambiar. \u201c\u00bfCu\u00e1ndo, en nombre de Dios, vamos a enfrentarnos al lobby de las armas? \u00bfCu\u00e1ndo, en nombre de Dios, vamos a hacer lo que todos sabemos en nuestras entra\u00f1as que hay que hacer?\u00bb, pregunt\u00f3.<\/p>\n<p style=\"text-align: justify;\">El ocupante del Despacho Oval est\u00e1 consciente de que \u201cnuestros ni\u00f1os no merecen esto\u201d.<\/p>\n<p style=\"text-align: justify;\"><strong>Por Deisy Francis Mexidor<\/strong><\/p>\n<p style=\"text-align: justify;\"><strong>Fuente: Prensa Latina<\/strong><\/p>\n","protected":false},"excerpt":{"rendered":"<p>Datos de estudios recientes revelaron que la compra de armas creci\u00f3 de manera significativa en los \u00faltimos a\u00f1os. Una investigaci\u00f3n publicada en la revista m\u00e9dica Annals of Internal Medicine se\u00f1al\u00f3 que 7,5 millones de adultos estadounidenses -algo menos del tres por ciento de la poblaci\u00f3n-, adquirieron un arma de fuego por primera vez entre enero &hellip;<\/p>\n","protected":false},"author":36,"featured_media":236716,"comment_status":"closed","ping_status":"closed","sticky":false,"template":"","format":"standard","meta":{"footnotes":""},"categories":[16929,597,583],"tags":[],"class_list":["post-236715","post","type-post","status-publish","format-standard","has-post-thumbnail","","category-articulos-de-opinion","category-cinta-de-noticias","category-slide"],"_links":{"self":[{"href":"https:\/\/archive.sana.sy\/es\/index.php?rest_route=\/wp\/v2\/posts\/236715"}],"collection":[{"href":"https:\/\/archive.sana.sy\/es\/index.php?rest_route=\/wp\/v2\/posts"}],"about":[{"href":"https:\/\/archive.sana.sy\/es\/index.php?rest_route=\/wp\/v2\/types\/post"}],"author":[{"embeddable":true,"href":"https:\/\/archive.sana.sy\/es\/index.php?rest_route=\/wp\/v2\/users\/36"}],"replies":[{"embeddable":true,"href":"https:\/\/archive.sana.sy\/es\/index.php?rest_route=%2Fwp%2Fv2%2Fcomments&post=236715"}],"version-history":[{"count":0,"href":"https:\/\/archive.sana.sy\/es\/index.php?rest_route=\/wp\/v2\/posts\/236715\/revisions"}],"wp:featuredmedia":[{"embeddable":true,"href":"https:\/\/archive.sana.sy\/es\/index.php?rest_route=\/wp\/v2\/media\/236716"}],"wp:attachment":[{"href":"https:\/\/archive.sana.sy\/es\/index.php?rest_route=%2Fwp%2Fv2%2Fmedia&parent=236715"}],"wp:term":[{"taxonomy":"category","embeddable":true,"href":"https:\/\/archive.sana.sy\/es\/index.php?rest_route=%2Fwp%2Fv2%2Fcategories&post=236715"},{"taxonomy":"post_tag","embeddable":true,"href":"https:\/\/archive.sana.sy\/es\/index.php?rest_route=%2Fwp%2Fv2%2Ftags&post=236715"}],"curies":[{"name":"wp","href":"https:\/\/api.w.org\/{rel}","templated":true}]}}