{"id":236722,"date":"2022-06-02T08:36:11","date_gmt":"2022-06-02T05:36:11","guid":{"rendered":"http:\/\/107.6.182.27\/es\/?p=236722"},"modified":"2023-01-10T15:57:54","modified_gmt":"2023-01-10T13:57:54","slug":"la-esencia-nazi-de-la-politica-de-kief-esta-siendo-ocultada-por-ciertos-paises-denuncia-moscu","status":"publish","type":"post","link":"https:\/\/archive.sana.sy\/es\/?p=236722","title":{"rendered":"La esencia nazi de la pol\u00edtica de Kief est\u00e1 siendo ocultada por ciertos pa\u00edses, denuncia Mosc\u00fa"},"content":{"rendered":"<blockquote>\n<p style=\"text-align: justify;\"><strong>\u201cLos medios de comunicaci\u00f3n occidentales hacen la vista gorda sobre los cr\u00edmenes de esos grupos ultranacionalistas ucranianos involucrados en brutales cr\u00edmenes,\u00a0 adem\u00e1s de alejar toda informaci\u00f3n sobre estos delitos del espacio inform\u00e1tico\u201d, precis\u00f3 el reporte.<\/strong><\/p>\n<\/blockquote>\n<p style=\"text-align: justify;\"><strong><span style=\"color: #800000;\">Mosc\u00fa, 2 jun (SANA)\u00a0 \u00a0<\/span><\/strong>El Ministerio de Exteriores de Rusia revel\u00f3 que un grupo de pa\u00edses intenta ocultar la esencia nazi de las autoridades de Kiev.<\/p>\n<p style=\"text-align: justify;\">Un informe de la Canciller\u00eda citado por RT indic\u00f3 que \u201cse hacen enormes esfuerzos para que esta pol\u00edtica sea ocultada de la comunidad internacional, as\u00ed como se \u201cblanquea\u201d la imagen de los partidarios del neonazismo representado por los combatientes del batall\u00f3n Azov\u00a0 y otras formaciones ucranianas similares\u201d.<\/p>\n<p style=\"text-align: justify;\">\u201cLos medios de comunicaci\u00f3n occidentales hacen la vista gorda sobre los cr\u00edmenes de esos grupos ultranacionalistas ucranianos involucrados en brutales cr\u00edmenes,\u00a0 adem\u00e1s de alejar toda informaci\u00f3n sobre estos delitos del espacio inform\u00e1tico\u201d, precis\u00f3 el reporte.<\/p>\n<p style=\"text-align: justify;\">fm\/ed<\/p>\n","protected":false},"excerpt":{"rendered":"<p>\u201cLos medios de comunicaci\u00f3n occidentales hacen la vista gorda sobre los cr\u00edmenes de esos grupos ultranacionalistas ucranianos involucrados en brutales cr\u00edmenes,\u00a0 adem\u00e1s de alejar toda informaci\u00f3n sobre estos delitos del espacio inform\u00e1tico\u201d, precis\u00f3 el reporte. Mosc\u00fa, 2 jun (SANA)\u00a0 \u00a0El Ministerio de Exteriores de Rusia revel\u00f3 que un grupo de pa\u00edses intenta ocultar la esencia &hellip;<\/p>\n","protected":false},"author":32,"featured_media":236723,"comment_status":"closed","ping_status":"closed","sticky":false,"template":"","format":"standard","meta":{"footnotes":""},"categories":[597,456,7541],"tags":[],"class_list":["post-236722","post","type-post","status-publish","format-standard","has-post-thumbnail","","category-cinta-de-noticias","category-arabe-internacional-politica","category-ultimas-noticias"],"_links":{"self":[{"href":"https:\/\/archive.sana.sy\/es\/index.php?rest_route=\/wp\/v2\/posts\/236722"}],"collection":[{"href":"https:\/\/archive.sana.sy\/es\/index.php?rest_route=\/wp\/v2\/posts"}],"about":[{"href":"https:\/\/archive.sana.sy\/es\/index.php?rest_route=\/wp\/v2\/types\/post"}],"author":[{"embeddable":true,"href":"https:\/\/archive.sana.sy\/es\/index.php?rest_route=\/wp\/v2\/users\/32"}],"replies":[{"embeddable":true,"href":"https:\/\/archive.sana.sy\/es\/index.php?rest_route=%2Fwp%2Fv2%2Fcomments&post=236722"}],"version-history":[{"count":0,"href":"https:\/\/archive.sana.sy\/es\/index.php?rest_route=\/wp\/v2\/posts\/236722\/revisions"}],"wp:featuredmedia":[{"embeddable":true,"href":"https:\/\/archive.sana.sy\/es\/index.php?rest_route=\/wp\/v2\/media\/236723"}],"wp:attachment":[{"href":"https:\/\/archive.sana.sy\/es\/index.php?rest_route=%2Fwp%2Fv2%2Fmedia&parent=236722"}],"wp:term":[{"taxonomy":"category","embeddable":true,"href":"https:\/\/archive.sana.sy\/es\/index.php?rest_route=%2Fwp%2Fv2%2Fcategories&post=236722"},{"taxonomy":"post_tag","embeddable":true,"href":"https:\/\/archive.sana.sy\/es\/index.php?rest_route=%2Fwp%2Fv2%2Ftags&post=236722"}],"curies":[{"name":"wp","href":"https:\/\/api.w.org\/{rel}","templated":true}]}}