{"id":23674,"date":"2015-05-21T16:57:35","date_gmt":"2015-05-21T13:57:35","guid":{"rendered":"http:\/\/sana.sy\/es\/?p=23674"},"modified":"2015-05-21T20:43:25","modified_gmt":"2015-05-21T17:43:25","slug":"un-martir-en-ataque-terrorista-con-mortero-contra-damasco","status":"publish","type":"post","link":"https:\/\/archive.sana.sy\/es\/?p=23674","title":{"rendered":"Varios m\u00e1rtires y heridos en ataques terroristas contra Damasco, Deraa y Alepo"},"content":{"rendered":"<p><span style=\"color: #800000\">Provincias, SANA<\/span><\/p>\n<p>Una persona muri\u00f3 en un ataque terrorista con un proyectil de mortero contra el barrio al-Mazraa en la capital Damasco.<\/p>\n<p>Una fuente en la comandancia de polic\u00eda inform\u00f3 que los terroristas\u00a0atacaron al barrio de al-Mazraa\u00a0 con dos morteros, dejando un m\u00e1rtir y tres heridos, adem\u00e1s de provocar da\u00f1os materiales en el lugar donde impactaron.<\/p>\n<p><span style=\"color: #0000ff\">Cuatro muertos y 15 heridos en ataques con mortero contra\u00a0Deraa<\/span><\/p>\n<p>Varios civiles perdieron la vida y otros resultaron heridos en ataques terroristas con proyectiles de mortero contra la ciudad de Izraa en el campo de la provincia sure\u00f1a de Deraa.<\/p>\n<p>Seg\u00fan una fuente en la Gobernaci\u00f3n cuatro personas cayeron m\u00e1rtires y otras 15 resultaron heridas, algunos de ellos se encuentran en un estado de salud cr\u00edtico, en ataques terroristas con cohetes disparados por terroristas contra la ciudad de Izraa.<\/p>\n<p>La fuente a\u00f1adi\u00f3 que el barrio de al-Mattar en la ciudad de Deraa ha sido blanco de semejantes ataques que dejaron solamente da\u00f1os materiales.<\/p>\n<p>Es de se\u00f1alar que el barrio de al-Mattar se sit\u00faa cerca del barrio de Deraa al-Balad, donde se despliegan terroristas del Frente de al-Nousra y las llamadas \u201cBrigada de Tawhido al-Yanub\u201d, \u201cBrigadas de los Yihadistas de Horan\u201d, entre otras bandas terroristas.<\/p>\n<p><span style=\"color: #0000ff\">Dos v\u00edctimas mortales y 17 heridos en ataques terroristas con misiles contra la ciudad de Alepo<\/span><\/p>\n<p>El barrio de Ashrafieh en Alepo fue blanco de ataques terroristas con misiles.<\/p>\n<p>El ataque caus\u00f3 la muerte de dos personas y heridas a otras 17, adem\u00e1s de provocar da\u00f1os materiales en Alepo.<\/p>\n<p>Entre los heridos hay dos de gravedad inform\u00f3 una fuente en el hospital de al-Razi.<\/p>\n<p>Fady M., Hala \u00a0B.<\/p>\n","protected":false},"excerpt":{"rendered":"<p>Provincias, SANA Una persona muri\u00f3 en un ataque terrorista con un proyectil de mortero contra el barrio al-Mazraa en la capital Damasco. Una fuente en la comandancia de polic\u00eda inform\u00f3 que los terroristas\u00a0atacaron al barrio de al-Mazraa\u00a0 con dos morteros, dejando un m\u00e1rtir y tres heridos, adem\u00e1s de provocar da\u00f1os materiales en el lugar donde &hellip;<\/p>\n","protected":false},"author":1,"featured_media":12894,"comment_status":"closed","ping_status":"closed","sticky":false,"template":"","format":"standard","meta":{"footnotes":""},"categories":[573,476],"tags":[5346],"class_list":["post-23674","post","type-post","status-publish","format-standard","has-post-thumbnail","","category-la-realidad-de-los-acontecimientos-en-siria","category-locales","tag-un-martir-en-ataque-terrorista-con-mortero-contra-damasco"],"_links":{"self":[{"href":"https:\/\/archive.sana.sy\/es\/index.php?rest_route=\/wp\/v2\/posts\/23674"}],"collection":[{"href":"https:\/\/archive.sana.sy\/es\/index.php?rest_route=\/wp\/v2\/posts"}],"about":[{"href":"https:\/\/archive.sana.sy\/es\/index.php?rest_route=\/wp\/v2\/types\/post"}],"author":[{"embeddable":true,"href":"https:\/\/archive.sana.sy\/es\/index.php?rest_route=\/wp\/v2\/users\/1"}],"replies":[{"embeddable":true,"href":"https:\/\/archive.sana.sy\/es\/index.php?rest_route=%2Fwp%2Fv2%2Fcomments&post=23674"}],"version-history":[{"count":0,"href":"https:\/\/archive.sana.sy\/es\/index.php?rest_route=\/wp\/v2\/posts\/23674\/revisions"}],"wp:featuredmedia":[{"embeddable":true,"href":"https:\/\/archive.sana.sy\/es\/index.php?rest_route=\/wp\/v2\/media\/12894"}],"wp:attachment":[{"href":"https:\/\/archive.sana.sy\/es\/index.php?rest_route=%2Fwp%2Fv2%2Fmedia&parent=23674"}],"wp:term":[{"taxonomy":"category","embeddable":true,"href":"https:\/\/archive.sana.sy\/es\/index.php?rest_route=%2Fwp%2Fv2%2Fcategories&post=23674"},{"taxonomy":"post_tag","embeddable":true,"href":"https:\/\/archive.sana.sy\/es\/index.php?rest_route=%2Fwp%2Fv2%2Ftags&post=23674"}],"curies":[{"name":"wp","href":"https:\/\/api.w.org\/{rel}","templated":true}]}}