{"id":23681,"date":"2015-05-21T17:19:34","date_gmt":"2015-05-21T14:19:34","guid":{"rendered":"http:\/\/sana.sy\/es\/?p=23681"},"modified":"2015-05-21T19:57:18","modified_gmt":"2015-05-21T16:57:18","slug":"unesco-exige-a-la-comunidad-internacional-reaccionar-para-salvaguardar-la-ciudad-de-palmira","status":"publish","type":"post","link":"https:\/\/archive.sana.sy\/es\/?p=23681","title":{"rendered":"UNESCO exige a la comunidad internacional reaccionar para salvaguardar la ciudad de Palmira"},"content":{"rendered":"<p><span style=\"color: #800000\">Par\u00eds, SANA<\/span><\/p>\n<p>La directora general de la UNESCO, Irina Bokova se\u00f1al\u00f3 en un mensaje de v\u00eddeo difundido este jueves que la destrucci\u00f3n de Palmira \u201cser\u00eda no s\u00f3lo un crimen de guerra sino tambi\u00e9n una enorme p\u00e9rdida para la humanidad\u201d.<\/p>\n<p>La Directora de la UNESCO exigi\u00f3 a la comunidad internacional, incluido\u00a0el Consejo de Seguridad de la ONU, que movilice esfuerzos para proteger esta ciudad que \u201cpertenece a toda la humanidad\u201d.<\/p>\n<p>Los pa\u00edses occidentales siguen haciendo caso omiso a los llamados de la UNESCO para salvaguardar las antig\u00fcedades de la ciudad de Palmira que fue inscrita en la Lista del Patrimonio Mundial en 1980.<\/p>\n<p>&nbsp;<\/p>\n<p>Lynn A.<\/p>\n","protected":false},"excerpt":{"rendered":"<p>Par\u00eds, SANA La directora general de la UNESCO, Irina Bokova se\u00f1al\u00f3 en un mensaje de v\u00eddeo difundido este jueves que la destrucci\u00f3n de Palmira \u201cser\u00eda no s\u00f3lo un crimen de guerra sino tambi\u00e9n una enorme p\u00e9rdida para la humanidad\u201d. La Directora de la UNESCO exigi\u00f3 a la comunidad internacional, incluido\u00a0el Consejo de Seguridad de la &hellip;<\/p>\n","protected":false},"author":24,"featured_media":23697,"comment_status":"closed","ping_status":"closed","sticky":false,"template":"","format":"standard","meta":{"footnotes":""},"categories":[456,457,576],"tags":[5347],"class_list":["post-23681","post","type-post","status-publish","format-standard","has-post-thumbnail","","category-arabe-internacional-politica","category-noticias-arabe-internacional-politica","category-noticias-politicas","tag-unesco-exige-a-la-comunidad-internacional-reaccionar-para-salvaguardar-la-ciudad-de-palmira"],"_links":{"self":[{"href":"https:\/\/archive.sana.sy\/es\/index.php?rest_route=\/wp\/v2\/posts\/23681"}],"collection":[{"href":"https:\/\/archive.sana.sy\/es\/index.php?rest_route=\/wp\/v2\/posts"}],"about":[{"href":"https:\/\/archive.sana.sy\/es\/index.php?rest_route=\/wp\/v2\/types\/post"}],"author":[{"embeddable":true,"href":"https:\/\/archive.sana.sy\/es\/index.php?rest_route=\/wp\/v2\/users\/24"}],"replies":[{"embeddable":true,"href":"https:\/\/archive.sana.sy\/es\/index.php?rest_route=%2Fwp%2Fv2%2Fcomments&post=23681"}],"version-history":[{"count":0,"href":"https:\/\/archive.sana.sy\/es\/index.php?rest_route=\/wp\/v2\/posts\/23681\/revisions"}],"wp:featuredmedia":[{"embeddable":true,"href":"https:\/\/archive.sana.sy\/es\/index.php?rest_route=\/wp\/v2\/media\/23697"}],"wp:attachment":[{"href":"https:\/\/archive.sana.sy\/es\/index.php?rest_route=%2Fwp%2Fv2%2Fmedia&parent=23681"}],"wp:term":[{"taxonomy":"category","embeddable":true,"href":"https:\/\/archive.sana.sy\/es\/index.php?rest_route=%2Fwp%2Fv2%2Fcategories&post=23681"},{"taxonomy":"post_tag","embeddable":true,"href":"https:\/\/archive.sana.sy\/es\/index.php?rest_route=%2Fwp%2Fv2%2Ftags&post=23681"}],"curies":[{"name":"wp","href":"https:\/\/api.w.org\/{rel}","templated":true}]}}