{"id":236821,"date":"2022-06-02T15:13:47","date_gmt":"2022-06-02T12:13:47","guid":{"rendered":"http:\/\/107.6.182.27\/es\/?p=236821"},"modified":"2022-06-02T15:13:47","modified_gmt":"2022-06-02T12:13:47","slug":"rusia-impone-restricciones-a-exportacion-de-gases-necesarios-para-fabricacion-de-microplaquetas-electronicas","status":"publish","type":"post","link":"https:\/\/archive.sana.sy\/es\/?p=236821","title":{"rendered":"Rusia impone restricciones a exportaci\u00f3n de gases necesarios para fabricaci\u00f3n de microplaquetas electr\u00f3nicas"},"content":{"rendered":"<p style=\"text-align: justify;\"><span style=\"color: #800000;\"><strong>Mosc\u00fa, 02 jun (SANA) <\/strong><\/span>El gobierno ruso anunci\u00f3 restricciones a la exportaci\u00f3n de gases necesarios para la producci\u00f3n de microplaquetas y semiconductores electr\u00f3nicos.<\/p>\n<p style=\"text-align: justify;\">\u201cLas entregas de este tipo de bienes se llevar\u00e1n a cabo solo por decisi\u00f3n directa del gobierno ruso\u201d, dijo el gobierno ruso en un comunicado emitido hoy.<\/p>\n<p style=\"text-align: justify;\">El Ministerio de Finanzas de Rusia ratific\u00f3 su disposici\u00f3n para resolver las reclamaciones de inversores extranjeros para completar las obligaciones financieras en virtud de los bonos internacionales soberanos emitidos por Rusia 2022.<\/p>\n<p style=\"text-align: justify;\"><em><strong>ah\/fm<\/strong><\/em><\/p>\n","protected":false},"excerpt":{"rendered":"<p>Mosc\u00fa, 02 jun (SANA) El gobierno ruso anunci\u00f3 restricciones a la exportaci\u00f3n de gases necesarios para la producci\u00f3n de microplaquetas y semiconductores electr\u00f3nicos. \u201cLas entregas de este tipo de bienes se llevar\u00e1n a cabo solo por decisi\u00f3n directa del gobierno ruso\u201d, dijo el gobierno ruso en un comunicado emitido hoy. El Ministerio de Finanzas de &hellip;<\/p>\n","protected":false},"author":30,"featured_media":236822,"comment_status":"closed","ping_status":"closed","sticky":false,"template":"","format":"standard","meta":{"footnotes":""},"categories":[597,456],"tags":[],"class_list":["post-236821","post","type-post","status-publish","format-standard","has-post-thumbnail","","category-cinta-de-noticias","category-arabe-internacional-politica"],"_links":{"self":[{"href":"https:\/\/archive.sana.sy\/es\/index.php?rest_route=\/wp\/v2\/posts\/236821"}],"collection":[{"href":"https:\/\/archive.sana.sy\/es\/index.php?rest_route=\/wp\/v2\/posts"}],"about":[{"href":"https:\/\/archive.sana.sy\/es\/index.php?rest_route=\/wp\/v2\/types\/post"}],"author":[{"embeddable":true,"href":"https:\/\/archive.sana.sy\/es\/index.php?rest_route=\/wp\/v2\/users\/30"}],"replies":[{"embeddable":true,"href":"https:\/\/archive.sana.sy\/es\/index.php?rest_route=%2Fwp%2Fv2%2Fcomments&post=236821"}],"version-history":[{"count":0,"href":"https:\/\/archive.sana.sy\/es\/index.php?rest_route=\/wp\/v2\/posts\/236821\/revisions"}],"wp:featuredmedia":[{"embeddable":true,"href":"https:\/\/archive.sana.sy\/es\/index.php?rest_route=\/wp\/v2\/media\/236822"}],"wp:attachment":[{"href":"https:\/\/archive.sana.sy\/es\/index.php?rest_route=%2Fwp%2Fv2%2Fmedia&parent=236821"}],"wp:term":[{"taxonomy":"category","embeddable":true,"href":"https:\/\/archive.sana.sy\/es\/index.php?rest_route=%2Fwp%2Fv2%2Fcategories&post=236821"},{"taxonomy":"post_tag","embeddable":true,"href":"https:\/\/archive.sana.sy\/es\/index.php?rest_route=%2Fwp%2Fv2%2Ftags&post=236821"}],"curies":[{"name":"wp","href":"https:\/\/api.w.org\/{rel}","templated":true}]}}