{"id":236847,"date":"2022-06-02T17:27:29","date_gmt":"2022-06-02T14:27:29","guid":{"rendered":"http:\/\/107.6.182.27\/es\/?p=236847"},"modified":"2023-01-10T15:57:53","modified_gmt":"2023-01-10T13:57:53","slug":"no-venderemos-nada-a-perdida-responde-el-kremlin-a-las-declaraciones-de-biden","status":"publish","type":"post","link":"https:\/\/archive.sana.sy\/es\/?p=236847","title":{"rendered":"&#8220;No venderemos nada a p\u00e9rdida&#8221;, responde el Kremlin a las declaraciones de Biden"},"content":{"rendered":"<p style=\"text-align: justify;\"><span style=\"color: #800000;\"><strong>Mosc\u00fa, 02 jun (SANA)<\/strong><\/span> El portavoz del Kremlin, Dmitri Peskov, dijo hoy que su pa\u00eds no va a vender sus recursos energ\u00e9ticos a p\u00e9rdida.<\/p>\n<p style=\"text-align: justify;\">La declaraci\u00f3n del vocero presidencial fue en respuesta a las recientes declaraciones del mandatario estadounidense, Joe Biden, de que Occidente est\u00e1 discutiendo la posibilidad de comprar petr\u00f3leo ruso a precios inferiores a los del mercado en lugar de negarse a importarlo.<\/p>\n<p style=\"text-align: justify;\">&#8220;Por supuesto, Rusia no vender\u00e1 nada a p\u00e9rdida&#8221;, asegur\u00f3 Peskov.<\/p>\n<p style=\"text-align: justify;\">Biden manifest\u00f3 que, ante la tendencia de la Uni\u00f3n Europea de reducir sus compras de petr\u00f3leo ruso, Washington podr\u00eda permitir que ciertas ventas estuvieran sujetas a un l\u00edmite de precio.<\/p>\n<p style=\"text-align: justify;\"><em><strong>fm\/ah<\/strong><\/em><\/p>\n","protected":false},"excerpt":{"rendered":"<p>Mosc\u00fa, 02 jun (SANA) El portavoz del Kremlin, Dmitri Peskov, dijo hoy que su pa\u00eds no va a vender sus recursos energ\u00e9ticos a p\u00e9rdida. La declaraci\u00f3n del vocero presidencial fue en respuesta a las recientes declaraciones del mandatario estadounidense, Joe Biden, de que Occidente est\u00e1 discutiendo la posibilidad de comprar petr\u00f3leo ruso a precios inferiores &hellip;<\/p>\n","protected":false},"author":30,"featured_media":236848,"comment_status":"closed","ping_status":"closed","sticky":false,"template":"","format":"standard","meta":{"footnotes":""},"categories":[597,456],"tags":[],"class_list":["post-236847","post","type-post","status-publish","format-standard","has-post-thumbnail","","category-cinta-de-noticias","category-arabe-internacional-politica"],"_links":{"self":[{"href":"https:\/\/archive.sana.sy\/es\/index.php?rest_route=\/wp\/v2\/posts\/236847"}],"collection":[{"href":"https:\/\/archive.sana.sy\/es\/index.php?rest_route=\/wp\/v2\/posts"}],"about":[{"href":"https:\/\/archive.sana.sy\/es\/index.php?rest_route=\/wp\/v2\/types\/post"}],"author":[{"embeddable":true,"href":"https:\/\/archive.sana.sy\/es\/index.php?rest_route=\/wp\/v2\/users\/30"}],"replies":[{"embeddable":true,"href":"https:\/\/archive.sana.sy\/es\/index.php?rest_route=%2Fwp%2Fv2%2Fcomments&post=236847"}],"version-history":[{"count":0,"href":"https:\/\/archive.sana.sy\/es\/index.php?rest_route=\/wp\/v2\/posts\/236847\/revisions"}],"wp:featuredmedia":[{"embeddable":true,"href":"https:\/\/archive.sana.sy\/es\/index.php?rest_route=\/wp\/v2\/media\/236848"}],"wp:attachment":[{"href":"https:\/\/archive.sana.sy\/es\/index.php?rest_route=%2Fwp%2Fv2%2Fmedia&parent=236847"}],"wp:term":[{"taxonomy":"category","embeddable":true,"href":"https:\/\/archive.sana.sy\/es\/index.php?rest_route=%2Fwp%2Fv2%2Fcategories&post=236847"},{"taxonomy":"post_tag","embeddable":true,"href":"https:\/\/archive.sana.sy\/es\/index.php?rest_route=%2Fwp%2Fv2%2Ftags&post=236847"}],"curies":[{"name":"wp","href":"https:\/\/api.w.org\/{rel}","templated":true}]}}