{"id":236853,"date":"2022-06-02T17:41:08","date_gmt":"2022-06-02T14:41:08","guid":{"rendered":"http:\/\/107.6.182.27\/es\/?p=236853"},"modified":"2022-06-02T17:44:16","modified_gmt":"2022-06-02T14:44:16","slug":"israel-cometio-168-violaciones-contra-periodistas-palestinos-en-mayo","status":"publish","type":"post","link":"https:\/\/archive.sana.sy\/es\/?p=236853","title":{"rendered":"Israel cometi\u00f3 168 violaciones contra periodistas palestinos en mayo"},"content":{"rendered":"<p style=\"text-align: justify;\"><span style=\"color: #800000;\"><strong>Damasco, 02 jun (SANA)<\/strong> <\/span>Las tropas israel\u00edes cometieron 168 violaciones contra periodistas palestinos en mayo, incluido el asesinato de la comunicadora Shireen Abu Akleh, denunci\u00f3 hoy una fuente oficial.<\/p>\n<p style=\"text-align: justify;\">La Oficina de Prensa del Gobierno Palestino alert\u00f3 en un informe que el mes pasado se registr\u00f3 el mayor n\u00famero de ataques contra los miembros de ese sector desde principios de a\u00f1o, a pesar de que todos usan chalecos identificativos durante sus labores. La mayor\u00eda de las violaciones se concentraron en las ciudades palestinas ocupadas de Jenin y Jerusal\u00e9n Este, precis\u00f3.<\/p>\n<p style=\"text-align: justify;\">El reporte document\u00f3 el asesinato de la veterana periodista de la televisora Al-Jazeera mientras cubr\u00eda una nueva operaci\u00f3n castrense israel\u00ed en la primera de esas localidades.<\/p>\n<p style=\"text-align: justify;\">Tambi\u00e9n registr\u00f3 los ataques de las fuerzas israel\u00edes y los colonos jud\u00edos contra m\u00e1s de 55 periodistas, que incluyeron disparos de munici\u00f3n de combate y de goma, uso del gas pimienta y golpes con porras.<\/p>\n<p style=\"text-align: justify;\">Al menos 16 empleados del gremio fueron detenidos en mayo, deportados de Jerusal\u00e9n Este o sufrieron la ampliaci\u00f3n de los periodos de cautiverio, subray\u00f3.<\/p>\n<p style=\"text-align: justify;\">La oficina tambi\u00e9n document\u00f3 11 casos de destrucci\u00f3n de c\u00e1maras y otros equipos, as\u00ed como el robo de tel\u00e9fonos m\u00f3viles por parte de los uniformados en un intento de evitar las coberturas de sus cr\u00edmenes.<\/p>\n<p style=\"text-align: justify;\">Militares israel\u00edes mataron ayer a la comunicadora Ghofran Warasnah, de 31 a\u00f1os, en la entrada del campamento de refugiados de Al-Aroub.<\/p>\n<p style=\"text-align: justify;\">Seg\u00fan la agencia oficial de noticias Wafa, en 2021 los militares israel\u00edes cometieron 384 violaciones contra empleados del sector.<\/p>\n<p style=\"text-align: justify;\">\u201cAtacar a periodistas (\u2026) y destruir edificios que albergan sedes de los medios de comunicaci\u00f3n locales e internacionales no es algo nuevo, sino m\u00e1s bien un comportamiento sistem\u00e1tico en la estrategia militar israel\u00ed y un comportamiento b\u00e1rbaro\u201d, subray\u00f3 Wafa en enero \u00faltimo.<\/p>\n<p style=\"text-align: justify;\"><span style=\"color: #0000ff;\"><strong>Fuente: Prensa Latina<\/strong><\/span><\/p>\n","protected":false},"excerpt":{"rendered":"<p>Damasco, 02 jun (SANA) Las tropas israel\u00edes cometieron 168 violaciones contra periodistas palestinos en mayo, incluido el asesinato de la comunicadora Shireen Abu Akleh, denunci\u00f3 hoy una fuente oficial. La Oficina de Prensa del Gobierno Palestino alert\u00f3 en un informe que el mes pasado se registr\u00f3 el mayor n\u00famero de ataques contra los miembros de &hellip;<\/p>\n","protected":false},"author":30,"featured_media":236854,"comment_status":"closed","ping_status":"closed","sticky":false,"template":"","format":"standard","meta":{"footnotes":""},"categories":[597,456,7541],"tags":[],"class_list":["post-236853","post","type-post","status-publish","format-standard","has-post-thumbnail","","category-cinta-de-noticias","category-arabe-internacional-politica","category-ultimas-noticias"],"_links":{"self":[{"href":"https:\/\/archive.sana.sy\/es\/index.php?rest_route=\/wp\/v2\/posts\/236853"}],"collection":[{"href":"https:\/\/archive.sana.sy\/es\/index.php?rest_route=\/wp\/v2\/posts"}],"about":[{"href":"https:\/\/archive.sana.sy\/es\/index.php?rest_route=\/wp\/v2\/types\/post"}],"author":[{"embeddable":true,"href":"https:\/\/archive.sana.sy\/es\/index.php?rest_route=\/wp\/v2\/users\/30"}],"replies":[{"embeddable":true,"href":"https:\/\/archive.sana.sy\/es\/index.php?rest_route=%2Fwp%2Fv2%2Fcomments&post=236853"}],"version-history":[{"count":0,"href":"https:\/\/archive.sana.sy\/es\/index.php?rest_route=\/wp\/v2\/posts\/236853\/revisions"}],"wp:featuredmedia":[{"embeddable":true,"href":"https:\/\/archive.sana.sy\/es\/index.php?rest_route=\/wp\/v2\/media\/236854"}],"wp:attachment":[{"href":"https:\/\/archive.sana.sy\/es\/index.php?rest_route=%2Fwp%2Fv2%2Fmedia&parent=236853"}],"wp:term":[{"taxonomy":"category","embeddable":true,"href":"https:\/\/archive.sana.sy\/es\/index.php?rest_route=%2Fwp%2Fv2%2Fcategories&post=236853"},{"taxonomy":"post_tag","embeddable":true,"href":"https:\/\/archive.sana.sy\/es\/index.php?rest_route=%2Fwp%2Fv2%2Ftags&post=236853"}],"curies":[{"name":"wp","href":"https:\/\/api.w.org\/{rel}","templated":true}]}}