{"id":236856,"date":"2022-06-02T18:30:47","date_gmt":"2022-06-02T15:30:47","guid":{"rendered":"http:\/\/107.6.182.27\/es\/?p=236856"},"modified":"2022-06-02T18:30:47","modified_gmt":"2022-06-02T15:30:47","slug":"gobernador-de-hasakeh-examina-con-delegacion-del-fpnu-cooperacion-en-el-campo-de-salud","status":"publish","type":"post","link":"https:\/\/archive.sana.sy\/es\/?p=236856","title":{"rendered":"Gobernador de Hasakeh examina con delegaci\u00f3n del FPNU cooperaci\u00f3n en el campo de salud"},"content":{"rendered":"<p style=\"text-align: justify;\"><span style=\"color: #800000;\"><strong>Hasakeh, 02 jun (SANA) <\/strong><\/span>El Gobernador de Hasakeh, Ghassan Khalil, examin\u00f3, con la Coordinadora del Fondo de Poblaci\u00f3n de las Naciones Unidas, FPNU, Janiki Pinert, y la delegaci\u00f3n que la acompa\u00f1a, las formas de consolidar la cooperaci\u00f3n entre las dos partes, particularmente en el campo de la salud.<\/p>\n<p style=\"text-align: justify;\">Durante la reuni\u00f3n celebrada en la sede del ayuntamiento, Khalil destac\u00f3 los servicios de apoyo del fondo al sector de la salud en la provincia, prueba ello la inauguraci\u00f3n de la cl\u00ednica laboral y algunas secciones del centro m\u00e9dico.<\/p>\n<p style=\"text-align: justify;\">Resalt\u00f3 la cooperaci\u00f3n continua entre las dos partes en t\u00e9rminos de mejorar la realidad de los servicios prestados y proporcionar m\u00e1s en este campo.<\/p>\n<p style=\"text-align: justify;\">Pinert se\u00f1al\u00f3 que la visita apunta a dar seguimiento y evaluar las actividades realizadas en cooperaci\u00f3n con los asociados, as\u00ed como seguir de cerca los servicios prestados a los ciudadanos y el plan de acci\u00f3n para la siguiente etapa.<\/p>\n<p style=\"text-align: justify;\"><em><strong>ah\/rsh<\/strong><\/em><\/p>\n","protected":false},"excerpt":{"rendered":"<p>Hasakeh, 02 jun (SANA) El Gobernador de Hasakeh, Ghassan Khalil, examin\u00f3, con la Coordinadora del Fondo de Poblaci\u00f3n de las Naciones Unidas, FPNU, Janiki Pinert, y la delegaci\u00f3n que la acompa\u00f1a, las formas de consolidar la cooperaci\u00f3n entre las dos partes, particularmente en el campo de la salud. Durante la reuni\u00f3n celebrada en la sede &hellip;<\/p>\n","protected":false},"author":30,"featured_media":236857,"comment_status":"closed","ping_status":"closed","sticky":false,"template":"","format":"standard","meta":{"footnotes":""},"categories":[597,476,7541],"tags":[],"class_list":["post-236856","post","type-post","status-publish","format-standard","has-post-thumbnail","","category-cinta-de-noticias","category-locales","category-ultimas-noticias"],"_links":{"self":[{"href":"https:\/\/archive.sana.sy\/es\/index.php?rest_route=\/wp\/v2\/posts\/236856"}],"collection":[{"href":"https:\/\/archive.sana.sy\/es\/index.php?rest_route=\/wp\/v2\/posts"}],"about":[{"href":"https:\/\/archive.sana.sy\/es\/index.php?rest_route=\/wp\/v2\/types\/post"}],"author":[{"embeddable":true,"href":"https:\/\/archive.sana.sy\/es\/index.php?rest_route=\/wp\/v2\/users\/30"}],"replies":[{"embeddable":true,"href":"https:\/\/archive.sana.sy\/es\/index.php?rest_route=%2Fwp%2Fv2%2Fcomments&post=236856"}],"version-history":[{"count":0,"href":"https:\/\/archive.sana.sy\/es\/index.php?rest_route=\/wp\/v2\/posts\/236856\/revisions"}],"wp:featuredmedia":[{"embeddable":true,"href":"https:\/\/archive.sana.sy\/es\/index.php?rest_route=\/wp\/v2\/media\/236857"}],"wp:attachment":[{"href":"https:\/\/archive.sana.sy\/es\/index.php?rest_route=%2Fwp%2Fv2%2Fmedia&parent=236856"}],"wp:term":[{"taxonomy":"category","embeddable":true,"href":"https:\/\/archive.sana.sy\/es\/index.php?rest_route=%2Fwp%2Fv2%2Fcategories&post=236856"},{"taxonomy":"post_tag","embeddable":true,"href":"https:\/\/archive.sana.sy\/es\/index.php?rest_route=%2Fwp%2Fv2%2Ftags&post=236856"}],"curies":[{"name":"wp","href":"https:\/\/api.w.org\/{rel}","templated":true}]}}