{"id":236859,"date":"2022-06-02T18:48:34","date_gmt":"2022-06-02T15:48:34","guid":{"rendered":"http:\/\/107.6.182.27\/es\/?p=236859"},"modified":"2022-06-02T22:16:16","modified_gmt":"2022-06-02T19:16:16","slug":"tres-civiles-muertos-y-21-heridos-por-atentado-terrorista-al-sur-de-deir-ezzor","status":"publish","type":"post","link":"https:\/\/archive.sana.sy\/es\/?p=236859","title":{"rendered":"Tres civiles muertos y 21 heridos por atentado terrorista al sur de Deir Ezzor"},"content":{"rendered":"<p style=\"text-align: justify;\"><span style=\"color: #800000;\"><strong>Deir Ezzor, 02 jun (SANA)\u00a0 <\/strong><\/span>El corresponsal de SANA en Deir Ezzor report\u00f3 qur \u201cun autob\u00fas que llevaba civiles procedentes de Alepo fue blanco de un atentado terrorista en la encrucijada de al-Shula, lo cual dej\u00f3 3 muertos y 21 heridos, algunos de estos en estado cr\u00edtico\u201d.<\/p>\n<p style=\"text-align: justify;\">El director de Salud en Deir Ezzor, Dr. Bashar al-Shuaibi dijo que \u201cfuimos informados de un atentado contra un autob\u00fas de pasajeros en la zona de al-Shula, y acto seguido enviamos ambulancias de nuestra instituci\u00f3n y del Creciente Rojo que trasladaron a los muertos y heridos al Hospital al-Assad en la ciudad de Deir Ezzor.\u201d<\/p>\n<p style=\"text-align: justify;\">Por su parte el director general del Hospital al-Assad, Mam\u00fan Heza, explic\u00f3 que las lesiones son de mediana y grave consideraci\u00f3n causadas por esquirlas y balas de fusiles autom\u00e1ticos. Se\u00f1al\u00f3 que el personal m\u00e9dico esta en plena alerta y realiza las intervenciones quir\u00fargicas necesarias a los heridos.<\/p>\n<p style=\"text-align: justify;\"><strong><em>ah\/rsh\/sm<\/em><\/strong><\/p>\n<p><img loading=\"lazy\" decoding=\"async\" class=\"alignnone wp-image-236869 size-full\" src=\"http:\/\/107.6.182.27\/es\/wp-content\/uploads\/2022\/06\/3-14.jpg\" alt=\"\" width=\"660\" height=\"434\" srcset=\"https:\/\/archive.sana.sy\/es\/wp-content\/uploads\/2022\/06\/3-14.jpg 660w, https:\/\/archive.sana.sy\/es\/wp-content\/uploads\/2022\/06\/3-14-300x197.jpg 300w, https:\/\/archive.sana.sy\/es\/wp-content\/uploads\/2022\/06\/3-14-150x99.jpg 150w, https:\/\/archive.sana.sy\/es\/wp-content\/uploads\/2022\/06\/3-14-310x205.jpg 310w\" sizes=\"(max-width: 660px) 100vw, 660px\" \/> <img loading=\"lazy\" decoding=\"async\" class=\"alignnone wp-image-236870 size-full\" src=\"http:\/\/107.6.182.27\/es\/wp-content\/uploads\/2022\/06\/4-17.jpg\" alt=\"\" width=\"660\" height=\"392\" srcset=\"https:\/\/archive.sana.sy\/es\/wp-content\/uploads\/2022\/06\/4-17.jpg 660w, https:\/\/archive.sana.sy\/es\/wp-content\/uploads\/2022\/06\/4-17-300x178.jpg 300w, https:\/\/archive.sana.sy\/es\/wp-content\/uploads\/2022\/06\/4-17-150x89.jpg 150w\" sizes=\"(max-width: 660px) 100vw, 660px\" \/><\/p>\n","protected":false},"excerpt":{"rendered":"<p>Deir Ezzor, 02 jun (SANA)\u00a0 El corresponsal de SANA en Deir Ezzor report\u00f3 qur \u201cun autob\u00fas que llevaba civiles procedentes de Alepo fue blanco de un atentado terrorista en la encrucijada de al-Shula, lo cual dej\u00f3 3 muertos y 21 heridos, algunos de estos en estado cr\u00edtico\u201d. El director de Salud en Deir Ezzor, Dr. &hellip;<\/p>\n","protected":false},"author":30,"featured_media":236914,"comment_status":"closed","ping_status":"closed","sticky":false,"template":"","format":"standard","meta":{"footnotes":""},"categories":[477,447,597,573,476,457,583],"tags":[],"class_list":["post-236859","post","type-post","status-publish","format-standard","has-post-thumbnail","","category-noticias-edulcorantes","category-local-politica","category-cinta-de-noticias","category-la-realidad-de-los-acontecimientos-en-siria","category-locales","category-noticias-arabe-internacional-politica","category-slide"],"_links":{"self":[{"href":"https:\/\/archive.sana.sy\/es\/index.php?rest_route=\/wp\/v2\/posts\/236859"}],"collection":[{"href":"https:\/\/archive.sana.sy\/es\/index.php?rest_route=\/wp\/v2\/posts"}],"about":[{"href":"https:\/\/archive.sana.sy\/es\/index.php?rest_route=\/wp\/v2\/types\/post"}],"author":[{"embeddable":true,"href":"https:\/\/archive.sana.sy\/es\/index.php?rest_route=\/wp\/v2\/users\/30"}],"replies":[{"embeddable":true,"href":"https:\/\/archive.sana.sy\/es\/index.php?rest_route=%2Fwp%2Fv2%2Fcomments&post=236859"}],"version-history":[{"count":0,"href":"https:\/\/archive.sana.sy\/es\/index.php?rest_route=\/wp\/v2\/posts\/236859\/revisions"}],"wp:featuredmedia":[{"embeddable":true,"href":"https:\/\/archive.sana.sy\/es\/index.php?rest_route=\/wp\/v2\/media\/236914"}],"wp:attachment":[{"href":"https:\/\/archive.sana.sy\/es\/index.php?rest_route=%2Fwp%2Fv2%2Fmedia&parent=236859"}],"wp:term":[{"taxonomy":"category","embeddable":true,"href":"https:\/\/archive.sana.sy\/es\/index.php?rest_route=%2Fwp%2Fv2%2Fcategories&post=236859"},{"taxonomy":"post_tag","embeddable":true,"href":"https:\/\/archive.sana.sy\/es\/index.php?rest_route=%2Fwp%2Fv2%2Ftags&post=236859"}],"curies":[{"name":"wp","href":"https:\/\/api.w.org\/{rel}","templated":true}]}}