{"id":236872,"date":"2022-06-02T19:40:20","date_gmt":"2022-06-02T16:40:20","guid":{"rendered":"http:\/\/107.6.182.27\/es\/?p=236872"},"modified":"2022-06-02T20:26:42","modified_gmt":"2022-06-02T17:26:42","slug":"moscu-los-paises-occidentales-financian-la-corte-penal-internacional-y-la-utilizan-como-herramienta-politica-para-pasar-por-alto-los-crimenes-de-los-nazis-en-ucrania","status":"publish","type":"post","link":"https:\/\/archive.sana.sy\/es\/?p=236872","title":{"rendered":"Mosc\u00fa: los pa\u00edses occidentales financian la Corte Penal Internacional y la utilizan como herramienta pol\u00edtica para pasar por alto los cr\u00edmenes de los nazis en Ucrania."},"content":{"rendered":"","protected":false},"excerpt":{"rendered":"","protected":false},"author":39,"featured_media":0,"comment_status":"closed","ping_status":"closed","sticky":false,"template":"","format":"standard","meta":{"footnotes":""},"categories":[1],"tags":[],"class_list":["post-236872","post","type-post","status-publish","format-standard","","category-news-not-sorted"],"_links":{"self":[{"href":"https:\/\/archive.sana.sy\/es\/index.php?rest_route=\/wp\/v2\/posts\/236872"}],"collection":[{"href":"https:\/\/archive.sana.sy\/es\/index.php?rest_route=\/wp\/v2\/posts"}],"about":[{"href":"https:\/\/archive.sana.sy\/es\/index.php?rest_route=\/wp\/v2\/types\/post"}],"author":[{"embeddable":true,"href":"https:\/\/archive.sana.sy\/es\/index.php?rest_route=\/wp\/v2\/users\/39"}],"replies":[{"embeddable":true,"href":"https:\/\/archive.sana.sy\/es\/index.php?rest_route=%2Fwp%2Fv2%2Fcomments&post=236872"}],"version-history":[{"count":0,"href":"https:\/\/archive.sana.sy\/es\/index.php?rest_route=\/wp\/v2\/posts\/236872\/revisions"}],"wp:attachment":[{"href":"https:\/\/archive.sana.sy\/es\/index.php?rest_route=%2Fwp%2Fv2%2Fmedia&parent=236872"}],"wp:term":[{"taxonomy":"category","embeddable":true,"href":"https:\/\/archive.sana.sy\/es\/index.php?rest_route=%2Fwp%2Fv2%2Fcategories&post=236872"},{"taxonomy":"post_tag","embeddable":true,"href":"https:\/\/archive.sana.sy\/es\/index.php?rest_route=%2Fwp%2Fv2%2Ftags&post=236872"}],"curies":[{"name":"wp","href":"https:\/\/api.w.org\/{rel}","templated":true}]}}