{"id":236915,"date":"2022-06-02T22:27:59","date_gmt":"2022-06-02T19:27:59","guid":{"rendered":"http:\/\/107.6.182.27\/es\/?p=236915"},"modified":"2022-06-02T22:28:26","modified_gmt":"2022-06-02T19:28:26","slug":"destacan-esfuerzos-de-siria-por-lograr-paz-y-reconciliacion-nacional","status":"publish","type":"post","link":"https:\/\/archive.sana.sy\/es\/?p=236915","title":{"rendered":"Destacan esfuerzos de Siria por lograr paz y reconciliaci\u00f3n nacional"},"content":{"rendered":"<blockquote>\n<p style=\"text-align: justify;\"><span style=\"color: #ff0000;\"><strong>En declaraciones a Prensa Latina, el Encargado de Negocios de la legaci\u00f3n de Damasco, Al\u00ed Abass, manifest\u00f3 el empe\u00f1o mostrado por las autoridades del Estado \u00e1rabe en aras de garantizar el regreso de los desplazados y refugiados a su patria y hogares.<\/strong><\/span><\/p>\n<p style=\"text-align: justify;\"><span style=\"color: #ff0000;\"><strong>Tambi\u00e9n destac\u00f3 los esfuerzos por la reintegraci\u00f3n de todos los ciudadanos a sus comunidades locales y la restauraci\u00f3n y consolidaci\u00f3n de la seguridad y la estabilidad en Siria.<\/strong><\/span><\/p>\n<\/blockquote>\n<p style=\"text-align: justify;\"><span style=\"color: #800000;\"><strong>La Habana, 2 jun (SANA)<\/strong> <\/span>Representantes de la embajada de Siria en La Habana destacaron hoy, entre otros aspectos, los esfuerzos del gobierno de su pa\u00eds en los \u00faltimos a\u00f1os por el logro de la paz y la reconciliaci\u00f3n nacional.<\/p>\n<p style=\"text-align: justify;\">En declaraciones a Prensa Latina, el Encargado de Negocios de la legaci\u00f3n de Damasco, Al\u00ed Abass, manifest\u00f3 el empe\u00f1o mostrado por las autoridades del Estado \u00e1rabe en aras de garantizar el regreso de los desplazados y refugiados a su patria y hogares.<\/p>\n<p style=\"text-align: justify;\">Tambi\u00e9n destac\u00f3 los esfuerzos por la reintegraci\u00f3n de todos los ciudadanos a sus comunidades locales y la restauraci\u00f3n y consolidaci\u00f3n de la seguridad y la estabilidad en Siria.<\/p>\n<p style=\"text-align: justify;\">En relaci\u00f3n con el t\u00f3pico de la reconciliaci\u00f3n nacional, el funcionario se\u00f1al\u00f3 que en virtud del Decreto Legislativo n\u00famero 7, emitido el 30 de abril de este 2022 por el presidente Bashar al-Assad, se concedi\u00f3 una amnist\u00eda general para los delitos cometidos por terroristas sirios antes de esa fecha.<\/p>\n<p style=\"text-align: justify;\">Indic\u00f3 que la normativa excluye a aquellos comisores de delitos que provocaron muertes de personas.<\/p>\n<p style=\"text-align: justify;\">Precis\u00f3 que dicha disposici\u00f3n legal excluye a los terroristas extranjeros, sobre la base del compromiso del Estado de mantener la paz y la seguridad regional e internacional y su voluntad de no reexportar a los extremistas for\u00e1neos a otras naciones.<\/p>\n<p style=\"text-align: justify;\">Signific\u00f3, asimismo, que el Decreto de Amnist\u00eda 7 es diferente a los anteriores de su tipo y que resulta excepcional desde el punto de vista de su naturaleza legal, social y pol\u00edtica, al reflejar una etapa avanzada y un punto de inflexi\u00f3n esencial en el marco de los esfuerzos reconciliatorios que realiza el Estado sirio.<\/p>\n<p style=\"text-align: justify;\">El diplom\u00e1tico record\u00f3, por otro lado, que el mandatario Al-Assad firm\u00f3 desde 2011 hasta la fecha 20 decretos de amnist\u00eda general, los cuales beneficiaron a decenas de miles de ciudadanos sirios dentro y fuera del pa\u00eds levantino.<\/p>\n<p style=\"text-align: justify;\">Detall\u00f3 que en virtud de esa medida fueron liberados 28 mil 864 detenidos y que \u00abm\u00e1s de 272 mil ciudadanos sirios participaron en los procesos de reconciliaci\u00f3n nacional en diferentes provincias\u00bb del territorio nacional.<\/p>\n<p style=\"text-align: justify;\">En ese contexto, el Ministerio de Relaciones Exteriores y Expatriados de Damasco solicit\u00f3 a sus misiones diplom\u00e1ticas y consulares en el extranjero que reciban a todos los ciudadanos sirios expatriados que deseen beneficiarse de todos los decretos de amnist\u00eda general, incluido el m\u00e1s reciente, se\u00f1al\u00f3 la fuente.<\/p>\n<p style=\"text-align: justify;\">Tras cuestionar la presencia de fuerzas de ocupaci\u00f3n turcas en el norte sirio, que provocaron numerosas muertes de civiles y da\u00f1os a las propiedades p\u00fablicas y privadas, Abass llam\u00f3 a apoyar los esfuerzos del Estado para lograr el desarme en el pa\u00eds y restaurar la seguridad y estabilidad econ\u00f3mica y social.<\/p>\n<p style=\"text-align: justify;\">En otra parte de su intervenci\u00f3n, el representante de la legaci\u00f3n siria, transmiti\u00f3 en nombre del gobierno y pueblo de su pa\u00eds el \u201cel m\u00e1s sentido p\u00e9same por las v\u00edctimas del tr\u00e1gico accidente ocurrido recientemente en el hotel Zaratoga\u201d, ubicado en La Habana.<\/p>\n<p style=\"text-align: justify;\">A ra\u00edz del tr\u00e1gico suceso, con saldo de numerosas v\u00edctimas, Siria reafirma la solidaridad de nuestro pueblo y gobierno con la hermana Cuba, resalt\u00f3.<\/p>\n<p style=\"text-align: justify;\"><strong>Entrevista concedida a Prensa Latina<\/strong><\/p>\n","protected":false},"excerpt":{"rendered":"<p>En declaraciones a Prensa Latina, el Encargado de Negocios de la legaci\u00f3n de Damasco, Al\u00ed Abass, manifest\u00f3 el empe\u00f1o mostrado por las autoridades del Estado \u00e1rabe en aras de garantizar el regreso de los desplazados y refugiados a su patria y hogares. Tambi\u00e9n destac\u00f3 los esfuerzos por la reintegraci\u00f3n de todos los ciudadanos a sus &hellip;<\/p>\n","protected":false},"author":39,"featured_media":236916,"comment_status":"closed","ping_status":"closed","sticky":false,"template":"","format":"standard","meta":{"footnotes":""},"categories":[597,467],"tags":[],"class_list":["post-236915","post","type-post","status-publish","format-standard","has-post-thumbnail","","category-cinta-de-noticias","category-siria-y-el-mundo"],"_links":{"self":[{"href":"https:\/\/archive.sana.sy\/es\/index.php?rest_route=\/wp\/v2\/posts\/236915"}],"collection":[{"href":"https:\/\/archive.sana.sy\/es\/index.php?rest_route=\/wp\/v2\/posts"}],"about":[{"href":"https:\/\/archive.sana.sy\/es\/index.php?rest_route=\/wp\/v2\/types\/post"}],"author":[{"embeddable":true,"href":"https:\/\/archive.sana.sy\/es\/index.php?rest_route=\/wp\/v2\/users\/39"}],"replies":[{"embeddable":true,"href":"https:\/\/archive.sana.sy\/es\/index.php?rest_route=%2Fwp%2Fv2%2Fcomments&post=236915"}],"version-history":[{"count":0,"href":"https:\/\/archive.sana.sy\/es\/index.php?rest_route=\/wp\/v2\/posts\/236915\/revisions"}],"wp:featuredmedia":[{"embeddable":true,"href":"https:\/\/archive.sana.sy\/es\/index.php?rest_route=\/wp\/v2\/media\/236916"}],"wp:attachment":[{"href":"https:\/\/archive.sana.sy\/es\/index.php?rest_route=%2Fwp%2Fv2%2Fmedia&parent=236915"}],"wp:term":[{"taxonomy":"category","embeddable":true,"href":"https:\/\/archive.sana.sy\/es\/index.php?rest_route=%2Fwp%2Fv2%2Fcategories&post=236915"},{"taxonomy":"post_tag","embeddable":true,"href":"https:\/\/archive.sana.sy\/es\/index.php?rest_route=%2Fwp%2Fv2%2Ftags&post=236915"}],"curies":[{"name":"wp","href":"https:\/\/api.w.org\/{rel}","templated":true}]}}