{"id":23696,"date":"2015-05-21T19:55:24","date_gmt":"2015-05-21T16:55:24","guid":{"rendered":"http:\/\/sana.sy\/es\/?p=23696"},"modified":"2015-05-21T19:55:24","modified_gmt":"2015-05-21T16:55:24","slug":"abdul-kareem-denuncia-inaccion-de-la-comunidad-internacional-ante-ataques-del-ei-contra-palmira","status":"publish","type":"post","link":"https:\/\/archive.sana.sy\/es\/?p=23696","title":{"rendered":"Abdul-Kareem denuncia inacci\u00f3n de la comunidad internacional ante ataques del EI contra Palmira"},"content":{"rendered":"<p><span style=\"color: #800000\">Damasco, SANA<\/span><\/p>\n<p>El director general de Antig\u00fcedades y Museos de Siria, Maamoun Abdul-Kareem afirm\u00f3 que su direcci\u00f3n se esfuerza actualmente por contactar con la comunidad local en la ciudad de Palmira para estar al tanto de la situaci\u00f3n de la misma despu\u00e9s de haber sido atacada por los terroristas del Estado Isl\u00e1mico.<\/p>\n<p>Abdul-Kareen hizo referencia a la resoluci\u00f3n N 2199 del Consejo de Seguridad de la ONU emitido en el pasado mes de febrero contra el saqueo del patrimonio cultural en Siria y el mundo, lamentando que la comunidad internacional, pese a los continuos llamados lanzados por la Direcci\u00f3n de Antig\u00fcedades de Siria para salvaguardar Palmira, se limit\u00f3 a simpatizar con esta trascendente ciudad arqueol\u00f3gica a trav\u00e9s de sus organizaciones y universidades.<\/p>\n<p>Asimismo a\u00f1adi\u00f3 que la arremetida contra esta ciudad arqueol\u00f3gica que abarca unos de los m\u00e1s importantes vestigios arqueol\u00f3gicos del mundo, es una p\u00e9rdida para toda comunidad internacional.<\/p>\n<p>Lynn A.<\/p>\n","protected":false},"excerpt":{"rendered":"<p>Damasco, SANA El director general de Antig\u00fcedades y Museos de Siria, Maamoun Abdul-Kareem afirm\u00f3 que su direcci\u00f3n se esfuerza actualmente por contactar con la comunidad local en la ciudad de Palmira para estar al tanto de la situaci\u00f3n de la misma despu\u00e9s de haber sido atacada por los terroristas del Estado Isl\u00e1mico. Abdul-Kareen hizo referencia &hellip;<\/p>\n","protected":false},"author":24,"featured_media":23682,"comment_status":"closed","ping_status":"closed","sticky":false,"template":"","format":"standard","meta":{"footnotes":""},"categories":[477,476],"tags":[5350],"class_list":["post-23696","post","type-post","status-publish","format-standard","has-post-thumbnail","","category-noticias-edulcorantes","category-locales","tag-abdul-kareem-denuncia-inaccion-de-la-comunidad-internacional-ante-ataques-del-ei-contra-palmira"],"_links":{"self":[{"href":"https:\/\/archive.sana.sy\/es\/index.php?rest_route=\/wp\/v2\/posts\/23696"}],"collection":[{"href":"https:\/\/archive.sana.sy\/es\/index.php?rest_route=\/wp\/v2\/posts"}],"about":[{"href":"https:\/\/archive.sana.sy\/es\/index.php?rest_route=\/wp\/v2\/types\/post"}],"author":[{"embeddable":true,"href":"https:\/\/archive.sana.sy\/es\/index.php?rest_route=\/wp\/v2\/users\/24"}],"replies":[{"embeddable":true,"href":"https:\/\/archive.sana.sy\/es\/index.php?rest_route=%2Fwp%2Fv2%2Fcomments&post=23696"}],"version-history":[{"count":0,"href":"https:\/\/archive.sana.sy\/es\/index.php?rest_route=\/wp\/v2\/posts\/23696\/revisions"}],"wp:featuredmedia":[{"embeddable":true,"href":"https:\/\/archive.sana.sy\/es\/index.php?rest_route=\/wp\/v2\/media\/23682"}],"wp:attachment":[{"href":"https:\/\/archive.sana.sy\/es\/index.php?rest_route=%2Fwp%2Fv2%2Fmedia&parent=23696"}],"wp:term":[{"taxonomy":"category","embeddable":true,"href":"https:\/\/archive.sana.sy\/es\/index.php?rest_route=%2Fwp%2Fv2%2Fcategories&post=23696"},{"taxonomy":"post_tag","embeddable":true,"href":"https:\/\/archive.sana.sy\/es\/index.php?rest_route=%2Fwp%2Fv2%2Ftags&post=23696"}],"curies":[{"name":"wp","href":"https:\/\/api.w.org\/{rel}","templated":true}]}}