{"id":236968,"date":"2022-06-03T10:41:56","date_gmt":"2022-06-03T07:41:56","guid":{"rendered":"http:\/\/107.6.182.27\/es\/?p=236968"},"modified":"2023-01-10T15:12:51","modified_gmt":"2023-01-10T13:12:51","slug":"comienza-ii-expo-internacional-de-embarque-y-tramites-arancelarios","status":"publish","type":"post","link":"https:\/\/archive.sana.sy\/es\/?p=236968","title":{"rendered":"Comienza II Expo Internacional de Embarque y Tr\u00e1mites Arancelarios"},"content":{"rendered":"<p style=\"text-align: justify;\"><span style=\"color: #800000;\"><strong>Damasco, 03 jun (SANA) <\/strong><\/span>Con la participaci\u00f3n de unas 40 empresas, comenzaron las actividades de la II Expo Internacional de Embarque y Tr\u00e1mites Arancelarios &#8220;CargoSyr&#8221; en la ciudad ferial de Damasco.<\/p>\n<p style=\"text-align: justify;\">El Coministro de Transporte, Ammar Kamaluddin, dijo en una declaraci\u00f3n a los periodistas que la exposici\u00f3n es una oportunidad para el encuentro de empresas que se dedican a las actividades terrestres, mar\u00edtimas, a\u00e9reas, t\u00e9cnicas y log\u00edsticas.<\/p>\n<p style=\"text-align: justify;\">Kamaluddin se\u00f1al\u00f3 que el tren Alepo-Damasco esta listo ya y comenzar\u00e1 a operar en el futuro inmediato, se\u00f1alando que los elevados precios de carga desde puertos sirios se debe a las altas tarifas impuestas a las mercanc\u00edas sirias en el extranjero.<\/p>\n<p style=\"text-align: justify;\">Por su parte el presidente de la Federaci\u00f3n de Empresas de Embarque de Mercanc\u00edas, Saleh Keshur, explic\u00f3 que Siria brinda toda facilidad a los camiones \u00e1rabes, sin embargo tenemos 21000 camiones sirios y 500 frigor\u00edficos que se les proh\u00edbe operar en las l\u00edneas externas.<\/p>\n<p style=\"text-align: justify;\">El director de la empresa organizadora de la exposici\u00f3n, Anas Dhabian, dijo que la mayor\u00eda de las empresas participantes son locales, y hay una participaci\u00f3n \u00e1rabe de Emiratos \u00c1rabes Unidos y L\u00edbano, detallando que las empresas se dedican a embarques, tr\u00e1mites aduanales, tecnolog\u00eda GPS y publicitarias.<\/p>\n<p style=\"text-align: justify;\"><em><strong>rsh\/ah<\/strong><\/em><\/p>\n","protected":false},"excerpt":{"rendered":"<p>Damasco, 03 jun (SANA) Con la participaci\u00f3n de unas 40 empresas, comenzaron las actividades de la II Expo Internacional de Embarque y Tr\u00e1mites Arancelarios &#8220;CargoSyr&#8221; en la ciudad ferial de Damasco. El Coministro de Transporte, Ammar Kamaluddin, dijo en una declaraci\u00f3n a los periodistas que la exposici\u00f3n es una oportunidad para el encuentro de empresas &hellip;<\/p>\n","protected":false},"author":30,"featured_media":236969,"comment_status":"closed","ping_status":"closed","sticky":false,"template":"","format":"standard","meta":{"footnotes":""},"categories":[597,16686,485,7541],"tags":[],"class_list":["post-236968","post","type-post","status-publish","format-standard","has-post-thumbnail","","category-cinta-de-noticias","category-economia","category-informes-negocios-y-finanzas","category-ultimas-noticias"],"_links":{"self":[{"href":"https:\/\/archive.sana.sy\/es\/index.php?rest_route=\/wp\/v2\/posts\/236968"}],"collection":[{"href":"https:\/\/archive.sana.sy\/es\/index.php?rest_route=\/wp\/v2\/posts"}],"about":[{"href":"https:\/\/archive.sana.sy\/es\/index.php?rest_route=\/wp\/v2\/types\/post"}],"author":[{"embeddable":true,"href":"https:\/\/archive.sana.sy\/es\/index.php?rest_route=\/wp\/v2\/users\/30"}],"replies":[{"embeddable":true,"href":"https:\/\/archive.sana.sy\/es\/index.php?rest_route=%2Fwp%2Fv2%2Fcomments&post=236968"}],"version-history":[{"count":0,"href":"https:\/\/archive.sana.sy\/es\/index.php?rest_route=\/wp\/v2\/posts\/236968\/revisions"}],"wp:featuredmedia":[{"embeddable":true,"href":"https:\/\/archive.sana.sy\/es\/index.php?rest_route=\/wp\/v2\/media\/236969"}],"wp:attachment":[{"href":"https:\/\/archive.sana.sy\/es\/index.php?rest_route=%2Fwp%2Fv2%2Fmedia&parent=236968"}],"wp:term":[{"taxonomy":"category","embeddable":true,"href":"https:\/\/archive.sana.sy\/es\/index.php?rest_route=%2Fwp%2Fv2%2Fcategories&post=236968"},{"taxonomy":"post_tag","embeddable":true,"href":"https:\/\/archive.sana.sy\/es\/index.php?rest_route=%2Fwp%2Fv2%2Ftags&post=236968"}],"curies":[{"name":"wp","href":"https:\/\/api.w.org\/{rel}","templated":true}]}}