{"id":236971,"date":"2022-06-03T10:46:25","date_gmt":"2022-06-03T07:46:25","guid":{"rendered":"http:\/\/107.6.182.27\/es\/?p=236971"},"modified":"2022-06-03T10:46:25","modified_gmt":"2022-06-03T07:46:25","slug":"nueva-embajadora-de-siria-ante-armenia","status":"publish","type":"post","link":"https:\/\/archive.sana.sy\/es\/?p=236971","title":{"rendered":"Nueva embajadora de Siria ante Armenia"},"content":{"rendered":"<p style=\"text-align: justify;\"><span style=\"color: #800000;\"><strong>Erivan, 03 jun (SANA) <\/strong><\/span>La embajadora plenipotenciaria de la Rep\u00fablica \u00c1rabe Siria en la Rep\u00fablica de Armenia, Nora Arisian, present\u00f3 una copia de sus credenciales al Ministro de Exteriores de Armenia, Ararat Mirzoyan.<\/p>\n<p style=\"text-align: justify;\">Durante su reuni\u00f3n con la embajadora Arisian, Mirzoyan se\u00f1al\u00f3 las relaciones fraternales y de amistad de larga data entre los dos pa\u00edses, y resalt\u00f3 el deseo de su pa\u00eds de fortalecerlas en diversos campos.<\/p>\n<p style=\"text-align: justify;\">La embajadora Arisian expres\u00f3 su orgullo por representar a Siria en Armenia, destacando la importancia de trabajar para desarrollar las relaciones entre los dos pa\u00edses amigos.<\/p>\n<p style=\"text-align: justify;\"><em><strong>ah\/rsh<\/strong><\/em><\/p>\n","protected":false},"excerpt":{"rendered":"<p>Erivan, 03 jun (SANA) La embajadora plenipotenciaria de la Rep\u00fablica \u00c1rabe Siria en la Rep\u00fablica de Armenia, Nora Arisian, present\u00f3 una copia de sus credenciales al Ministro de Exteriores de Armenia, Ararat Mirzoyan. Durante su reuni\u00f3n con la embajadora Arisian, Mirzoyan se\u00f1al\u00f3 las relaciones fraternales y de amistad de larga data entre los dos pa\u00edses, &hellip;<\/p>\n","protected":false},"author":30,"featured_media":236972,"comment_status":"closed","ping_status":"closed","sticky":false,"template":"","format":"standard","meta":{"footnotes":""},"categories":[597,467,7541],"tags":[],"class_list":["post-236971","post","type-post","status-publish","format-standard","has-post-thumbnail","","category-cinta-de-noticias","category-siria-y-el-mundo","category-ultimas-noticias"],"_links":{"self":[{"href":"https:\/\/archive.sana.sy\/es\/index.php?rest_route=\/wp\/v2\/posts\/236971"}],"collection":[{"href":"https:\/\/archive.sana.sy\/es\/index.php?rest_route=\/wp\/v2\/posts"}],"about":[{"href":"https:\/\/archive.sana.sy\/es\/index.php?rest_route=\/wp\/v2\/types\/post"}],"author":[{"embeddable":true,"href":"https:\/\/archive.sana.sy\/es\/index.php?rest_route=\/wp\/v2\/users\/30"}],"replies":[{"embeddable":true,"href":"https:\/\/archive.sana.sy\/es\/index.php?rest_route=%2Fwp%2Fv2%2Fcomments&post=236971"}],"version-history":[{"count":0,"href":"https:\/\/archive.sana.sy\/es\/index.php?rest_route=\/wp\/v2\/posts\/236971\/revisions"}],"wp:featuredmedia":[{"embeddable":true,"href":"https:\/\/archive.sana.sy\/es\/index.php?rest_route=\/wp\/v2\/media\/236972"}],"wp:attachment":[{"href":"https:\/\/archive.sana.sy\/es\/index.php?rest_route=%2Fwp%2Fv2%2Fmedia&parent=236971"}],"wp:term":[{"taxonomy":"category","embeddable":true,"href":"https:\/\/archive.sana.sy\/es\/index.php?rest_route=%2Fwp%2Fv2%2Fcategories&post=236971"},{"taxonomy":"post_tag","embeddable":true,"href":"https:\/\/archive.sana.sy\/es\/index.php?rest_route=%2Fwp%2Fv2%2Ftags&post=236971"}],"curies":[{"name":"wp","href":"https:\/\/api.w.org\/{rel}","templated":true}]}}