{"id":236984,"date":"2022-06-03T13:45:30","date_gmt":"2022-06-03T10:45:30","guid":{"rendered":"http:\/\/107.6.182.27\/es\/?p=236984"},"modified":"2023-01-10T15:57:51","modified_gmt":"2023-01-10T13:57:51","slug":"minuto-a-minutola-operacion-militar-especial-rusa-en-ucrania-2","status":"publish","type":"post","link":"https:\/\/archive.sana.sy\/es\/?p=236984","title":{"rendered":"Minuto a Minuto\u2026La operaci\u00f3n militar especial rusa en Ucrania"},"content":{"rendered":"<p style=\"text-align: justify;\"><span style=\"color: #800000;\"><strong>Mosc\u00fa, 03 jun (SANA)<\/strong><\/span><\/p>\n<p style=\"text-align: justify;\">????Putin: La situaci\u00f3n en el mundo es compleja e imprevisible<\/p>\n<p style=\"text-align: justify;\">????\u201cMosc\u00fa tom\u00f3 medidas para acelerar el ritmo de la operaci\u00f3n rusa en Ucrania\u201d<\/p>\n<p style=\"text-align: justify;\">????Ucrania grab\u00f3 videos falsos para \u201canimar\u201d al p\u00fablico<\/p>\n<p style=\"text-align: justify;\">????Zaj\u00e1rova: Occidente provoc\u00f3 la crisis alimentaria mundial<\/p>\n<p style=\"text-align: justify;\">????M\u00e1s de 20.000 personas fueron evacuadas de Donb\u00e1s y Ucrania a Rusia<\/p>\n<p style=\"text-align: justify;\">????Rusia destruye punto de control de drones y neutraliza 360 militares y combatientes neonazis ucranianos.<\/p>\n<p style=\"text-align: justify;\">????La portavoz del Ministerio de Exteriores de Rusia, Mar\u00eda Zajarova, dijo en una conferencia de prensa:<\/p>\n<ul style=\"text-align: justify;\">\n<li>Los neonazis usaron armas de mediano y largo alcance en Ucrania y el Pent\u00e1gono ciertamente lo negar\u00e1.<\/li>\n<li>El continuo suministro de armas de Occidente a Ucrania prolongar\u00e1 la crisis.<\/li>\n<li>Occidente alega que el mundo est\u00e1 sufriendo una crisis alimentaria y acusa a nuestro pa\u00eds de hacerlo\u2026 Rusia est\u00e1 lista para abastecer el mercado mundial con granos y Occidente deber\u00eda levantar las sanciones que lo obstaculizan.<\/li>\n<\/ul>\n<p style=\"text-align: justify;\">????\u201cAtacaremos los centros de decisi\u00f3n ucranianos si Kiev ataca nuestro territorio con las armas de EE.UU.\u201d, advierte Rusia<\/p>\n","protected":false},"excerpt":{"rendered":"<p>Mosc\u00fa, 03 jun (SANA) ????Putin: La situaci\u00f3n en el mundo es compleja e imprevisible ????\u201cMosc\u00fa tom\u00f3 medidas para acelerar el ritmo de la operaci\u00f3n rusa en Ucrania\u201d ????Ucrania grab\u00f3 videos falsos para \u201canimar\u201d al p\u00fablico ????Zaj\u00e1rova: Occidente provoc\u00f3 la crisis alimentaria mundial ????M\u00e1s de 20.000 personas fueron evacuadas de Donb\u00e1s y Ucrania a Rusia ????Rusia &hellip;<\/p>\n","protected":false},"author":39,"featured_media":236989,"comment_status":"closed","ping_status":"closed","sticky":false,"template":"","format":"standard","meta":{"footnotes":""},"categories":[597,456,583],"tags":[],"class_list":["post-236984","post","type-post","status-publish","format-standard","has-post-thumbnail","","category-cinta-de-noticias","category-arabe-internacional-politica","category-slide"],"_links":{"self":[{"href":"https:\/\/archive.sana.sy\/es\/index.php?rest_route=\/wp\/v2\/posts\/236984"}],"collection":[{"href":"https:\/\/archive.sana.sy\/es\/index.php?rest_route=\/wp\/v2\/posts"}],"about":[{"href":"https:\/\/archive.sana.sy\/es\/index.php?rest_route=\/wp\/v2\/types\/post"}],"author":[{"embeddable":true,"href":"https:\/\/archive.sana.sy\/es\/index.php?rest_route=\/wp\/v2\/users\/39"}],"replies":[{"embeddable":true,"href":"https:\/\/archive.sana.sy\/es\/index.php?rest_route=%2Fwp%2Fv2%2Fcomments&post=236984"}],"version-history":[{"count":0,"href":"https:\/\/archive.sana.sy\/es\/index.php?rest_route=\/wp\/v2\/posts\/236984\/revisions"}],"wp:featuredmedia":[{"embeddable":true,"href":"https:\/\/archive.sana.sy\/es\/index.php?rest_route=\/wp\/v2\/media\/236989"}],"wp:attachment":[{"href":"https:\/\/archive.sana.sy\/es\/index.php?rest_route=%2Fwp%2Fv2%2Fmedia&parent=236984"}],"wp:term":[{"taxonomy":"category","embeddable":true,"href":"https:\/\/archive.sana.sy\/es\/index.php?rest_route=%2Fwp%2Fv2%2Fcategories&post=236984"},{"taxonomy":"post_tag","embeddable":true,"href":"https:\/\/archive.sana.sy\/es\/index.php?rest_route=%2Fwp%2Fv2%2Ftags&post=236984"}],"curies":[{"name":"wp","href":"https:\/\/api.w.org\/{rel}","templated":true}]}}