{"id":236991,"date":"2022-06-03T14:06:22","date_gmt":"2022-06-03T11:06:22","guid":{"rendered":"http:\/\/107.6.182.27\/es\/?p=236991"},"modified":"2023-01-10T15:57:50","modified_gmt":"2023-01-10T13:57:50","slug":"mas-de-20-000-personas-fueron-evacuadas-de-donbas-y-ucrania-a-rusia","status":"publish","type":"post","link":"https:\/\/archive.sana.sy\/es\/?p=236991","title":{"rendered":"M\u00e1s de 20.000 personas fueron evacuadas de Donb\u00e1s y Ucrania a Rusia"},"content":{"rendered":"<blockquote>\n<p style=\"text-align: justify;\"><span style=\"color: #ff0000;\"><strong>Agreg\u00f3 que el n\u00famero total de evacuados desde el inicio de la operaci\u00f3n militar especial asciende a 1.615.457 personas, incluidos 263.004 ni\u00f1os.<\/strong><\/span><\/p>\n<\/blockquote>\n<p style=\"text-align: justify;\"><span style=\"color: #800000;\"><strong>Mosc\u00fa, 03 jun (SANA)\u00a0<\/strong><\/span> El jefe del Centro de Gesti\u00f3n de la Defensa Nacional de Rusia, coronel Mikhail Mezintsev, anunci\u00f3 la evacuaci\u00f3n de m\u00e1s de 20 mil residentes de Ucrania y Donb\u00e1s hacia territorio ruso.<\/p>\n<p style=\"text-align: justify;\">&#8220;A pesar de todos los obst\u00e1culos por parte de las autoridades de Kiev, 20.270 personas, incluidos 3.185 ni\u00f1os, fueron evacuadas en las \u00faltimas 24 horas desde las regiones peligrosas de Ucrania y las Rep\u00fablicas Populares de Donetsk y Lugansk hacia Rusia&#8221;, dijo Mezintsev seg\u00fan la agencia de noticias TASS.<\/p>\n<p style=\"text-align: justify;\">Agreg\u00f3 que el n\u00famero total de evacuados desde el inicio de la operaci\u00f3n militar especial asciende a 1.615.457 personas, incluidos 263.004 ni\u00f1os.<\/p>\n<p style=\"text-align: justify;\">Se\u00f1al\u00f3 que, durante las \u00faltimas 24 horas, se recibieron 63 solicitudes de evacuaci\u00f3n a Rusia de ciudadanos ucranianos y extranjeros.<\/p>\n<p style=\"text-align: justify;\">sm<\/p>\n","protected":false},"excerpt":{"rendered":"<p>Agreg\u00f3 que el n\u00famero total de evacuados desde el inicio de la operaci\u00f3n militar especial asciende a 1.615.457 personas, incluidos 263.004 ni\u00f1os. Mosc\u00fa, 03 jun (SANA)\u00a0 El jefe del Centro de Gesti\u00f3n de la Defensa Nacional de Rusia, coronel Mikhail Mezintsev, anunci\u00f3 la evacuaci\u00f3n de m\u00e1s de 20 mil residentes de Ucrania y Donb\u00e1s hacia &hellip;<\/p>\n","protected":false},"author":39,"featured_media":236992,"comment_status":"closed","ping_status":"closed","sticky":false,"template":"","format":"standard","meta":{"footnotes":""},"categories":[597,456,7541],"tags":[],"class_list":["post-236991","post","type-post","status-publish","format-standard","has-post-thumbnail","","category-cinta-de-noticias","category-arabe-internacional-politica","category-ultimas-noticias"],"_links":{"self":[{"href":"https:\/\/archive.sana.sy\/es\/index.php?rest_route=\/wp\/v2\/posts\/236991"}],"collection":[{"href":"https:\/\/archive.sana.sy\/es\/index.php?rest_route=\/wp\/v2\/posts"}],"about":[{"href":"https:\/\/archive.sana.sy\/es\/index.php?rest_route=\/wp\/v2\/types\/post"}],"author":[{"embeddable":true,"href":"https:\/\/archive.sana.sy\/es\/index.php?rest_route=\/wp\/v2\/users\/39"}],"replies":[{"embeddable":true,"href":"https:\/\/archive.sana.sy\/es\/index.php?rest_route=%2Fwp%2Fv2%2Fcomments&post=236991"}],"version-history":[{"count":0,"href":"https:\/\/archive.sana.sy\/es\/index.php?rest_route=\/wp\/v2\/posts\/236991\/revisions"}],"wp:featuredmedia":[{"embeddable":true,"href":"https:\/\/archive.sana.sy\/es\/index.php?rest_route=\/wp\/v2\/media\/236992"}],"wp:attachment":[{"href":"https:\/\/archive.sana.sy\/es\/index.php?rest_route=%2Fwp%2Fv2%2Fmedia&parent=236991"}],"wp:term":[{"taxonomy":"category","embeddable":true,"href":"https:\/\/archive.sana.sy\/es\/index.php?rest_route=%2Fwp%2Fv2%2Fcategories&post=236991"},{"taxonomy":"post_tag","embeddable":true,"href":"https:\/\/archive.sana.sy\/es\/index.php?rest_route=%2Fwp%2Fv2%2Ftags&post=236991"}],"curies":[{"name":"wp","href":"https:\/\/api.w.org\/{rel}","templated":true}]}}