{"id":237000,"date":"2022-06-03T15:01:25","date_gmt":"2022-06-03T12:01:25","guid":{"rendered":"http:\/\/107.6.182.27\/es\/?p=237000"},"modified":"2023-01-10T14:03:38","modified_gmt":"2023-01-10T12:03:38","slug":"intensos-bombardeos-del-ejercito-turco-y-sus-mercenarios-contra-localidad-siria-de-ain-issa","status":"publish","type":"post","link":"https:\/\/archive.sana.sy\/es\/?p=237000","title":{"rendered":"Intensos bombardeos del ej\u00e9rcito turco y sus mercenarios contra localidad siria de Ain Issa"},"content":{"rendered":"<blockquote>\n<p style=\"text-align: justify;\"><span style=\"color: #ff0000;\"><strong>Los aviones de combate turcos sobrevuelan desde horas tempranas de este viernes la ciudad de Tal Abyad en el campo norte\u00f1o de Raqa, mientras sus drones realizan vuelos de espionaje y reconocimiento a lo largo de las l\u00edneas de contacto.<\/strong><\/span><\/p>\n<\/blockquote>\n<p style=\"text-align: justify;\"><span style=\"color: #800000;\"><strong>Raqa, 3 jun (SANA)<\/strong> \u00a0<\/span>Las fuerzas turcas y los grupos terroristas que operan bajo su mando en el territorio sirio, reanudaron sus ataques contra las localidades ubicadas en las cercan\u00edas de las zonas donde est\u00e1n desplegadas ilegalmente en el norte de la provincia de Raqa.<\/p>\n<p style=\"text-align: justify;\">Activistas locales informaron a SANA que los militares turcos bombardearon con artiller\u00eda pesada la aldea de Al-Dibes y sus alrededores en el campo de la ciudad de Ain Issa, provocando da\u00f1os materiales en las viviendas, propiedades y los campos agr\u00edcolas.<\/p>\n<p style=\"text-align: justify;\">Agregaron que los aviones de combate turcos sobrevuelan desde horas tempranas de este viernes la ciudad de Tal Abyad en el campo norte\u00f1o de Raqa, mientras sus drones realizan vuelos de espionaje y reconocimiento a lo largo de las l\u00edneas de contacto.<\/p>\n<p style=\"text-align: justify;\">fm\/sm<\/p>\n","protected":false},"excerpt":{"rendered":"<p>Los aviones de combate turcos sobrevuelan desde horas tempranas de este viernes la ciudad de Tal Abyad en el campo norte\u00f1o de Raqa, mientras sus drones realizan vuelos de espionaje y reconocimiento a lo largo de las l\u00edneas de contacto. Raqa, 3 jun (SANA) \u00a0Las fuerzas turcas y los grupos terroristas que operan bajo su &hellip;<\/p>\n","protected":false},"author":39,"featured_media":237003,"comment_status":"closed","ping_status":"closed","sticky":false,"template":"","format":"standard","meta":{"footnotes":""},"categories":[447,477,597,573,476,583],"tags":[],"class_list":["post-237000","post","type-post","status-publish","format-standard","has-post-thumbnail","","category-local-politica","category-noticias-edulcorantes","category-cinta-de-noticias","category-la-realidad-de-los-acontecimientos-en-siria","category-locales","category-slide"],"_links":{"self":[{"href":"https:\/\/archive.sana.sy\/es\/index.php?rest_route=\/wp\/v2\/posts\/237000"}],"collection":[{"href":"https:\/\/archive.sana.sy\/es\/index.php?rest_route=\/wp\/v2\/posts"}],"about":[{"href":"https:\/\/archive.sana.sy\/es\/index.php?rest_route=\/wp\/v2\/types\/post"}],"author":[{"embeddable":true,"href":"https:\/\/archive.sana.sy\/es\/index.php?rest_route=\/wp\/v2\/users\/39"}],"replies":[{"embeddable":true,"href":"https:\/\/archive.sana.sy\/es\/index.php?rest_route=%2Fwp%2Fv2%2Fcomments&post=237000"}],"version-history":[{"count":0,"href":"https:\/\/archive.sana.sy\/es\/index.php?rest_route=\/wp\/v2\/posts\/237000\/revisions"}],"wp:featuredmedia":[{"embeddable":true,"href":"https:\/\/archive.sana.sy\/es\/index.php?rest_route=\/wp\/v2\/media\/237003"}],"wp:attachment":[{"href":"https:\/\/archive.sana.sy\/es\/index.php?rest_route=%2Fwp%2Fv2%2Fmedia&parent=237000"}],"wp:term":[{"taxonomy":"category","embeddable":true,"href":"https:\/\/archive.sana.sy\/es\/index.php?rest_route=%2Fwp%2Fv2%2Fcategories&post=237000"},{"taxonomy":"post_tag","embeddable":true,"href":"https:\/\/archive.sana.sy\/es\/index.php?rest_route=%2Fwp%2Fv2%2Ftags&post=237000"}],"curies":[{"name":"wp","href":"https:\/\/api.w.org\/{rel}","templated":true}]}}