{"id":237005,"date":"2022-06-03T15:19:56","date_gmt":"2022-06-03T12:19:56","guid":{"rendered":"http:\/\/107.6.182.27\/es\/?p=237005"},"modified":"2023-01-10T14:03:38","modified_gmt":"2023-01-10T12:03:38","slug":"estados-unidos-saquea-el-petroleo-sirio-en-una-flagrante-violacion-del-derecho-internacional","status":"publish","type":"post","link":"https:\/\/archive.sana.sy\/es\/?p=237005","title":{"rendered":"\u201cEstados Unidos saquea el petr\u00f3leo sirio en una flagrante violaci\u00f3n del derecho internacional\u201d"},"content":{"rendered":"<p style=\"text-align: justify;\"><span style=\"color: #800000;\"><strong>Viena, 3 jun (SANA)<\/strong><\/span>\u00a0 La Asociaci\u00f3n de Amistad \u00c1rabe de Austria critic\u00f3 nuevamente el saqueo de petr\u00f3leo sirio por parte de las fuerzas de ocupaci\u00f3n estadounidenses y manifest\u00f3 que esto constituye una flagrante violaci\u00f3n del derecho internacional.<\/p>\n<p style=\"text-align: justify;\">El secretario general de esta entidad, Fritz Edlinger, dijo que \u201cEstados Unidos controla los campos petroleros sirios y tambi\u00e9n supervisa el robo de todo el petr\u00f3leo sirio y su exportaci\u00f3n a Turqu\u00eda a trav\u00e9s del norte de Irak.<\/p>\n<p style=\"text-align: justify;\">Los estadounidenses pretenden mantener su control sobre estos campos petroleros, a pesar de que ello constituye una flagrante violaci\u00f3n del derecho internacional.<\/p>\n<p style=\"text-align: justify;\">fm\/sm<\/p>\n","protected":false},"excerpt":{"rendered":"<p>Viena, 3 jun (SANA)\u00a0 La Asociaci\u00f3n de Amistad \u00c1rabe de Austria critic\u00f3 nuevamente el saqueo de petr\u00f3leo sirio por parte de las fuerzas de ocupaci\u00f3n estadounidenses y manifest\u00f3 que esto constituye una flagrante violaci\u00f3n del derecho internacional. El secretario general de esta entidad, Fritz Edlinger, dijo que \u201cEstados Unidos controla los campos petroleros sirios y &hellip;<\/p>\n","protected":false},"author":39,"featured_media":237006,"comment_status":"closed","ping_status":"closed","sticky":false,"template":"","format":"standard","meta":{"footnotes":""},"categories":[447,597,467,7541],"tags":[],"class_list":["post-237005","post","type-post","status-publish","format-standard","has-post-thumbnail","","category-local-politica","category-cinta-de-noticias","category-siria-y-el-mundo","category-ultimas-noticias"],"_links":{"self":[{"href":"https:\/\/archive.sana.sy\/es\/index.php?rest_route=\/wp\/v2\/posts\/237005"}],"collection":[{"href":"https:\/\/archive.sana.sy\/es\/index.php?rest_route=\/wp\/v2\/posts"}],"about":[{"href":"https:\/\/archive.sana.sy\/es\/index.php?rest_route=\/wp\/v2\/types\/post"}],"author":[{"embeddable":true,"href":"https:\/\/archive.sana.sy\/es\/index.php?rest_route=\/wp\/v2\/users\/39"}],"replies":[{"embeddable":true,"href":"https:\/\/archive.sana.sy\/es\/index.php?rest_route=%2Fwp%2Fv2%2Fcomments&post=237005"}],"version-history":[{"count":0,"href":"https:\/\/archive.sana.sy\/es\/index.php?rest_route=\/wp\/v2\/posts\/237005\/revisions"}],"wp:featuredmedia":[{"embeddable":true,"href":"https:\/\/archive.sana.sy\/es\/index.php?rest_route=\/wp\/v2\/media\/237006"}],"wp:attachment":[{"href":"https:\/\/archive.sana.sy\/es\/index.php?rest_route=%2Fwp%2Fv2%2Fmedia&parent=237005"}],"wp:term":[{"taxonomy":"category","embeddable":true,"href":"https:\/\/archive.sana.sy\/es\/index.php?rest_route=%2Fwp%2Fv2%2Fcategories&post=237005"},{"taxonomy":"post_tag","embeddable":true,"href":"https:\/\/archive.sana.sy\/es\/index.php?rest_route=%2Fwp%2Fv2%2Ftags&post=237005"}],"curies":[{"name":"wp","href":"https:\/\/api.w.org\/{rel}","templated":true}]}}