{"id":237011,"date":"2022-06-03T15:49:06","date_gmt":"2022-06-03T12:49:06","guid":{"rendered":"http:\/\/107.6.182.27\/es\/?p=237011"},"modified":"2022-08-06T15:09:36","modified_gmt":"2022-08-06T12:09:36","slug":"la-opera-de-damasco-acoge-obras-del-compositor-argentino-astor-piazzola","status":"publish","type":"post","link":"https:\/\/archive.sana.sy\/es\/?p=237011","title":{"rendered":"La \u00d3pera de Damasco acoge obras del compositor argentino Astor Piazzola"},"content":{"rendered":"<blockquote>\n<p style=\"text-align: justify;\"><span style=\"color: #ff0000;\"><strong>En el acto se presentaron varias piezas, entre ellas \u201cLas cuatro estaciones de Buenos Aires\u201d, \u201cLa introducci\u00f3n en 3001\u201d, una canci\u00f3n armenia de amor y \u201cRegreso al Sur\u201d, entre otras.<\/strong><\/span><\/p>\n<\/blockquote>\n<p style=\"text-align: justify;\"><span style=\"color: #800000;\"><strong>Damasco, 03 jun (SANA)\u00a0<\/strong> <\/span>La Casa al-Assad para la Cultura y las Artes (La \u00d3pera) celebr\u00f3 las obras del compositor argentino Astor Piazzola mediante una velada musical que se realiz\u00f3 en cooperaci\u00f3n con la Embajada de la Rep\u00fablica Argentina en Damasco y la aerol\u00ednea siria Cham Wings.<\/p>\n<p style=\"text-align: justify;\"><img loading=\"lazy\" decoding=\"async\" class=\"size-medium wp-image-237012 alignright\" src=\"http:\/\/107.6.182.27\/es\/wp-content\/uploads\/2022\/06\/40-300x200.jpg\" alt=\"\" width=\"300\" height=\"200\" srcset=\"https:\/\/archive.sana.sy\/es\/wp-content\/uploads\/2022\/06\/40-300x200.jpg 300w, https:\/\/archive.sana.sy\/es\/wp-content\/uploads\/2022\/06\/40-150x100.jpg 150w, https:\/\/archive.sana.sy\/es\/wp-content\/uploads\/2022\/06\/40.jpg 660w\" sizes=\"(max-width: 300px) 100vw, 300px\" \/><\/p>\n<p style=\"text-align: justify;\">Adem\u00e1s de m\u00fasicos profesionales sirios encabezados por el maestro Misak Baghboudrian, participaron la cantante argentina Marielle Duboutit, el bandoneonista Walter Rios y la banda Cadance dirigida por el pianista Arman Babkhanian.<\/p>\n<p style=\"text-align: justify;\">En el acto se presentaron varias piezas, entre ellas \u201cLas cuatro estaciones de Buenos Aires\u201d, \u201cLa introducci\u00f3n en 3001\u201d, una canci\u00f3n armenia de amor y \u201cRegreso al Sur\u201d, entre otras.<\/p>\n<p style=\"text-align: justify;\">sm\/fm<\/p>\n<div id='gallery-1' class='gallery galleryid-237011 gallery-columns-1 gallery-size-full'><figure class='gallery-item'>\n\t\t\t<div class='gallery-icon landscape'>\n\t\t\t\t<a href='https:\/\/archive.sana.sy\/es\/?attachment_id=237013'><img loading=\"lazy\" decoding=\"async\" width=\"660\" height=\"330\" src=\"https:\/\/archive.sana.sy\/es\/wp-content\/uploads\/2022\/06\/30-660x330-1.jpg\" class=\"attachment-full size-full\" alt=\"\" srcset=\"https:\/\/archive.sana.sy\/es\/wp-content\/uploads\/2022\/06\/30-660x330-1.jpg 660w, https:\/\/archive.sana.sy\/es\/wp-content\/uploads\/2022\/06\/30-660x330-1-300x150.jpg 300w, https:\/\/archive.sana.sy\/es\/wp-content\/uploads\/2022\/06\/30-660x330-1-150x75.jpg 150w\" sizes=\"(max-width: 660px) 100vw, 660px\" \/><\/a>\n\t\t\t<\/div><\/figure><figure class='gallery-item'>\n\t\t\t<div class='gallery-icon landscape'>\n\t\t\t\t<a href='https:\/\/archive.sana.sy\/es\/?attachment_id=237014'><img loading=\"lazy\" decoding=\"async\" width=\"2560\" height=\"1775\" src=\"https:\/\/archive.sana.sy\/es\/wp-content\/uploads\/2022\/06\/DSC_8017-scaled.jpg\" class=\"attachment-full size-full\" alt=\"\" srcset=\"https:\/\/archive.sana.sy\/es\/wp-content\/uploads\/2022\/06\/DSC_8017-scaled.jpg 2560w, https:\/\/archive.sana.sy\/es\/wp-content\/uploads\/2022\/06\/DSC_8017-300x208.jpg 300w, https:\/\/archive.sana.sy\/es\/wp-content\/uploads\/2022\/06\/DSC_8017-1024x710.jpg 1024w, https:\/\/archive.sana.sy\/es\/wp-content\/uploads\/2022\/06\/DSC_8017-150x104.jpg 150w, https:\/\/archive.sana.sy\/es\/wp-content\/uploads\/2022\/06\/DSC_8017-768x532.jpg 768w, https:\/\/archive.sana.sy\/es\/wp-content\/uploads\/2022\/06\/DSC_8017-1536x1065.jpg 1536w, https:\/\/archive.sana.sy\/es\/wp-content\/uploads\/2022\/06\/DSC_8017-2048x1420.jpg 2048w, https:\/\/archive.sana.sy\/es\/wp-content\/uploads\/2022\/06\/DSC_8017-110x75.jpg 110w\" sizes=\"(max-width: 2560px) 100vw, 2560px\" \/><\/a>\n\t\t\t<\/div><\/figure><figure class='gallery-item'>\n\t\t\t<div class='gallery-icon landscape'>\n\t\t\t\t<a href='https:\/\/archive.sana.sy\/es\/?attachment_id=237015'><img loading=\"lazy\" decoding=\"async\" width=\"2560\" height=\"1704\" src=\"https:\/\/archive.sana.sy\/es\/wp-content\/uploads\/2022\/06\/DSC_8043-scaled.jpg\" class=\"attachment-full size-full\" alt=\"\" srcset=\"https:\/\/archive.sana.sy\/es\/wp-content\/uploads\/2022\/06\/DSC_8043-scaled.jpg 2560w, https:\/\/archive.sana.sy\/es\/wp-content\/uploads\/2022\/06\/DSC_8043-300x200.jpg 300w, https:\/\/archive.sana.sy\/es\/wp-content\/uploads\/2022\/06\/DSC_8043-1024x682.jpg 1024w, https:\/\/archive.sana.sy\/es\/wp-content\/uploads\/2022\/06\/DSC_8043-150x100.jpg 150w, https:\/\/archive.sana.sy\/es\/wp-content\/uploads\/2022\/06\/DSC_8043-768x511.jpg 768w, https:\/\/archive.sana.sy\/es\/wp-content\/uploads\/2022\/06\/DSC_8043-1536x1022.jpg 1536w, https:\/\/archive.sana.sy\/es\/wp-content\/uploads\/2022\/06\/DSC_8043-2048x1363.jpg 2048w, https:\/\/archive.sana.sy\/es\/wp-content\/uploads\/2022\/06\/DSC_8043-310x205.jpg 310w\" sizes=\"(max-width: 2560px) 100vw, 2560px\" \/><\/a>\n\t\t\t<\/div><\/figure><figure class='gallery-item'>\n\t\t\t<div class='gallery-icon landscape'>\n\t\t\t\t<a href='https:\/\/archive.sana.sy\/es\/?attachment_id=237016'><img loading=\"lazy\" decoding=\"async\" width=\"2560\" height=\"1704\" src=\"https:\/\/archive.sana.sy\/es\/wp-content\/uploads\/2022\/06\/DSC_8073-scaled.jpg\" class=\"attachment-full size-full\" alt=\"\" srcset=\"https:\/\/archive.sana.sy\/es\/wp-content\/uploads\/2022\/06\/DSC_8073-scaled.jpg 2560w, https:\/\/archive.sana.sy\/es\/wp-content\/uploads\/2022\/06\/DSC_8073-300x200.jpg 300w, https:\/\/archive.sana.sy\/es\/wp-content\/uploads\/2022\/06\/DSC_8073-1024x682.jpg 1024w, https:\/\/archive.sana.sy\/es\/wp-content\/uploads\/2022\/06\/DSC_8073-150x100.jpg 150w, https:\/\/archive.sana.sy\/es\/wp-content\/uploads\/2022\/06\/DSC_8073-768x511.jpg 768w, https:\/\/archive.sana.sy\/es\/wp-content\/uploads\/2022\/06\/DSC_8073-1536x1022.jpg 1536w, https:\/\/archive.sana.sy\/es\/wp-content\/uploads\/2022\/06\/DSC_8073-2048x1363.jpg 2048w, https:\/\/archive.sana.sy\/es\/wp-content\/uploads\/2022\/06\/DSC_8073-310x205.jpg 310w\" sizes=\"(max-width: 2560px) 100vw, 2560px\" \/><\/a>\n\t\t\t<\/div><\/figure>\n\t\t<\/div>\n\n","protected":false},"excerpt":{"rendered":"<p>En el acto se presentaron varias piezas, entre ellas \u201cLas cuatro estaciones de Buenos Aires\u201d, \u201cLa introducci\u00f3n en 3001\u201d, una canci\u00f3n armenia de amor y \u201cRegreso al Sur\u201d, entre otras. Damasco, 03 jun (SANA)\u00a0 La Casa al-Assad para la Cultura y las Artes (La \u00d3pera) celebr\u00f3 las obras del compositor argentino Astor Piazzola mediante una &hellip;<\/p>\n","protected":false},"author":39,"featured_media":237013,"comment_status":"closed","ping_status":"closed","sticky":false,"template":"","format":"standard","meta":{"footnotes":""},"categories":[597,510,476,457],"tags":[],"class_list":["post-237011","post","type-post","status-publish","format-standard","has-post-thumbnail","","category-cinta-de-noticias","category-arte-y-cultura","category-locales","category-noticias-arabe-internacional-politica"],"_links":{"self":[{"href":"https:\/\/archive.sana.sy\/es\/index.php?rest_route=\/wp\/v2\/posts\/237011"}],"collection":[{"href":"https:\/\/archive.sana.sy\/es\/index.php?rest_route=\/wp\/v2\/posts"}],"about":[{"href":"https:\/\/archive.sana.sy\/es\/index.php?rest_route=\/wp\/v2\/types\/post"}],"author":[{"embeddable":true,"href":"https:\/\/archive.sana.sy\/es\/index.php?rest_route=\/wp\/v2\/users\/39"}],"replies":[{"embeddable":true,"href":"https:\/\/archive.sana.sy\/es\/index.php?rest_route=%2Fwp%2Fv2%2Fcomments&post=237011"}],"version-history":[{"count":0,"href":"https:\/\/archive.sana.sy\/es\/index.php?rest_route=\/wp\/v2\/posts\/237011\/revisions"}],"wp:featuredmedia":[{"embeddable":true,"href":"https:\/\/archive.sana.sy\/es\/index.php?rest_route=\/wp\/v2\/media\/237013"}],"wp:attachment":[{"href":"https:\/\/archive.sana.sy\/es\/index.php?rest_route=%2Fwp%2Fv2%2Fmedia&parent=237011"}],"wp:term":[{"taxonomy":"category","embeddable":true,"href":"https:\/\/archive.sana.sy\/es\/index.php?rest_route=%2Fwp%2Fv2%2Fcategories&post=237011"},{"taxonomy":"post_tag","embeddable":true,"href":"https:\/\/archive.sana.sy\/es\/index.php?rest_route=%2Fwp%2Fv2%2Ftags&post=237011"}],"curies":[{"name":"wp","href":"https:\/\/api.w.org\/{rel}","templated":true}]}}