{"id":237019,"date":"2022-06-03T15:02:00","date_gmt":"2022-06-03T12:02:00","guid":{"rendered":"http:\/\/107.6.182.27\/es\/?p=237019"},"modified":"2023-01-10T15:57:50","modified_gmt":"2023-01-10T13:57:50","slug":"zajarova-occidente-provoco-la-crisis-alimentaria-mundial","status":"publish","type":"post","link":"https:\/\/archive.sana.sy\/es\/?p=237019","title":{"rendered":"Zaj\u00e1rova: Occidente provoc\u00f3 la crisis alimentaria mundial"},"content":{"rendered":"<blockquote>\n<p style=\"text-align: justify;\"><span style=\"color: #ff0000;\"><strong>Enfatiz\u00f3 que, si Occidente quiere resolver el problema de la hambruna mundial, debe levantar las sanciones impuestas a Mosc\u00fa.<\/strong><\/span><\/p>\n<\/blockquote>\n<p style=\"text-align: justify;\"><span style=\"color: #800000;\"><strong>Mosc\u00fa, 03 jun (SANA)<\/strong> <\/span>La portavoz del Ministerio de Relaciones Exteriores de Rusia, Mar\u00eda Zaj\u00e1rova, afirm\u00f3 que Occidente es el causante de la crisis alimentaria mundial, e indic\u00f3 que su pa\u00eds est\u00e1 dispuesto a suministrar cereales al mercado mundial, pero Occidente debe levantar las sanciones que lo impiden.<\/p>\n<p style=\"text-align: justify;\">Durante una conferencia de prensa, la vocera dijo: &#8220;Occidente alega que el mundo est\u00e1 sufriendo una crisis alimentaria por la culpa de Rusia&#8230; Estamos dispuestos a exportar cereales a todos los pa\u00edses necesitados, pero Occidente es quien est\u00e1 impidiendo esto\u201d.<\/p>\n<p style=\"text-align: justify;\">Agreg\u00f3 que los pa\u00edses occidentales imponen restricciones a la entrada de barcos extranjeros a los puertos rusos, asimismo, impiden el mantenimiento de los buques rusos en los puertos occidentales, tambi\u00e9n crearon obst\u00e1culos en el campo de los seguros y la banca.<\/p>\n<p style=\"text-align: justify;\">Enfatiz\u00f3 que, si Occidente quiere resolver el problema de la hambruna mundial, debe levantar las sanciones impuestas a Mosc\u00fa.<\/p>\n<p style=\"text-align: justify;\">sm\/fm<\/p>\n","protected":false},"excerpt":{"rendered":"<p>Enfatiz\u00f3 que, si Occidente quiere resolver el problema de la hambruna mundial, debe levantar las sanciones impuestas a Mosc\u00fa. Mosc\u00fa, 03 jun (SANA) La portavoz del Ministerio de Relaciones Exteriores de Rusia, Mar\u00eda Zaj\u00e1rova, afirm\u00f3 que Occidente es el causante de la crisis alimentaria mundial, e indic\u00f3 que su pa\u00eds est\u00e1 dispuesto a suministrar cereales &hellip;<\/p>\n","protected":false},"author":39,"featured_media":237020,"comment_status":"closed","ping_status":"closed","sticky":false,"template":"","format":"standard","meta":{"footnotes":""},"categories":[597,16686,485,456,7541],"tags":[],"class_list":["post-237019","post","type-post","status-publish","format-standard","has-post-thumbnail","","category-cinta-de-noticias","category-economia","category-informes-negocios-y-finanzas","category-arabe-internacional-politica","category-ultimas-noticias"],"_links":{"self":[{"href":"https:\/\/archive.sana.sy\/es\/index.php?rest_route=\/wp\/v2\/posts\/237019"}],"collection":[{"href":"https:\/\/archive.sana.sy\/es\/index.php?rest_route=\/wp\/v2\/posts"}],"about":[{"href":"https:\/\/archive.sana.sy\/es\/index.php?rest_route=\/wp\/v2\/types\/post"}],"author":[{"embeddable":true,"href":"https:\/\/archive.sana.sy\/es\/index.php?rest_route=\/wp\/v2\/users\/39"}],"replies":[{"embeddable":true,"href":"https:\/\/archive.sana.sy\/es\/index.php?rest_route=%2Fwp%2Fv2%2Fcomments&post=237019"}],"version-history":[{"count":0,"href":"https:\/\/archive.sana.sy\/es\/index.php?rest_route=\/wp\/v2\/posts\/237019\/revisions"}],"wp:featuredmedia":[{"embeddable":true,"href":"https:\/\/archive.sana.sy\/es\/index.php?rest_route=\/wp\/v2\/media\/237020"}],"wp:attachment":[{"href":"https:\/\/archive.sana.sy\/es\/index.php?rest_route=%2Fwp%2Fv2%2Fmedia&parent=237019"}],"wp:term":[{"taxonomy":"category","embeddable":true,"href":"https:\/\/archive.sana.sy\/es\/index.php?rest_route=%2Fwp%2Fv2%2Fcategories&post=237019"},{"taxonomy":"post_tag","embeddable":true,"href":"https:\/\/archive.sana.sy\/es\/index.php?rest_route=%2Fwp%2Fv2%2Ftags&post=237019"}],"curies":[{"name":"wp","href":"https:\/\/api.w.org\/{rel}","templated":true}]}}