{"id":237022,"date":"2022-06-03T15:15:43","date_gmt":"2022-06-03T12:15:43","guid":{"rendered":"http:\/\/107.6.182.27\/es\/?p=237022"},"modified":"2023-01-10T15:57:50","modified_gmt":"2023-01-10T13:57:50","slug":"ucrania-grabo-videos-falsos-para-animar-al-publico","status":"publish","type":"post","link":"https:\/\/archive.sana.sy\/es\/?p=237022","title":{"rendered":"Ucrania grab\u00f3 videos falsos para &#8220;animar&#8221; al p\u00fablico"},"content":{"rendered":"<blockquote>\n<p style=\"text-align: justify;\"><span style=\"color: #ff0000;\"><strong>El portavoz militar ruso tambi\u00e9n revel\u00f3 que el pr\u00f3ximo rodaje est\u00e1 previsto para los d\u00edas 5 y 6 de junio y los videos se centrar\u00e1n en los testimonios escenificados de &#8216;ucranianos&#8217; que acusan a Rusia de bombardear supuestamente localidades pac\u00edficas&#8221;.<\/strong><\/span><\/p>\n<\/blockquote>\n<p style=\"text-align: justify;\"><span style=\"color: #800000;\"><strong>Mosc\u00fa, 3 jun (SANA)<\/strong><\/span> El portavoz del Ministerio de Defensa de Rusia, el general, \u00cdgor Konash\u00e9nkov, dijo hoy que en medio del fracaso de Kiev en la ciudad de Mari\u00fapol y en Donb\u00e1s, las autoridades ucranianas, con el apoyo financiero del Reino Unido, organizaron el rodaje de videos para &#8220;animar&#8221; al p\u00fablico occidental y ucraniano.<\/p>\n<p style=\"text-align: justify;\">El vocero, citado por RT, inform\u00f3 que el pasado 28 de mayo se grab\u00f3 un video escenificado en los alrededores del pueblo de Meshkovka, en la regi\u00f3n de Nikol\u00e1yev, sobre &#8220;el uso supuestamente &#8216;muy eficaz&#8217; de armamento occidental por parte de los nacionalistas ucranianos&#8221;.<\/p>\n<p style=\"text-align: justify;\">&#8220;Para a\u00f1adir m\u00e1s dramatismo a la futura pel\u00edcula, a instancias de los responsables brit\u00e1nicos, se cre\u00f3 en el plat\u00f3 una &#8216;recreaci\u00f3n&#8217; de una &#8216;batalla&#8217; que nunca existi\u00f3 entre nazis ucranianos y el mayor n\u00famero de &#8216;soldados rusos'&#8221;, detall\u00f3.<\/p>\n<p style=\"text-align: justify;\">El portavoz militar ruso tambi\u00e9n revel\u00f3 que el pr\u00f3ximo rodaje est\u00e1 previsto para los d\u00edas 5 y 6 de junio y los videos se centrar\u00e1n en los testimonios escenificados de &#8216;ucranianos&#8217; que acusan a Rusia de bombardear supuestamente localidades pac\u00edficas&#8221;.<\/p>\n<p style=\"text-align: justify;\">fm\/sm<\/p>\n","protected":false},"excerpt":{"rendered":"<p>El portavoz militar ruso tambi\u00e9n revel\u00f3 que el pr\u00f3ximo rodaje est\u00e1 previsto para los d\u00edas 5 y 6 de junio y los videos se centrar\u00e1n en los testimonios escenificados de &#8216;ucranianos&#8217; que acusan a Rusia de bombardear supuestamente localidades pac\u00edficas&#8221;. Mosc\u00fa, 3 jun (SANA) El portavoz del Ministerio de Defensa de Rusia, el general, \u00cdgor &hellip;<\/p>\n","protected":false},"author":39,"featured_media":237023,"comment_status":"closed","ping_status":"closed","sticky":false,"template":"","format":"standard","meta":{"footnotes":""},"categories":[597,456,7541],"tags":[],"class_list":["post-237022","post","type-post","status-publish","format-standard","has-post-thumbnail","","category-cinta-de-noticias","category-arabe-internacional-politica","category-ultimas-noticias"],"_links":{"self":[{"href":"https:\/\/archive.sana.sy\/es\/index.php?rest_route=\/wp\/v2\/posts\/237022"}],"collection":[{"href":"https:\/\/archive.sana.sy\/es\/index.php?rest_route=\/wp\/v2\/posts"}],"about":[{"href":"https:\/\/archive.sana.sy\/es\/index.php?rest_route=\/wp\/v2\/types\/post"}],"author":[{"embeddable":true,"href":"https:\/\/archive.sana.sy\/es\/index.php?rest_route=\/wp\/v2\/users\/39"}],"replies":[{"embeddable":true,"href":"https:\/\/archive.sana.sy\/es\/index.php?rest_route=%2Fwp%2Fv2%2Fcomments&post=237022"}],"version-history":[{"count":0,"href":"https:\/\/archive.sana.sy\/es\/index.php?rest_route=\/wp\/v2\/posts\/237022\/revisions"}],"wp:featuredmedia":[{"embeddable":true,"href":"https:\/\/archive.sana.sy\/es\/index.php?rest_route=\/wp\/v2\/media\/237023"}],"wp:attachment":[{"href":"https:\/\/archive.sana.sy\/es\/index.php?rest_route=%2Fwp%2Fv2%2Fmedia&parent=237022"}],"wp:term":[{"taxonomy":"category","embeddable":true,"href":"https:\/\/archive.sana.sy\/es\/index.php?rest_route=%2Fwp%2Fv2%2Fcategories&post=237022"},{"taxonomy":"post_tag","embeddable":true,"href":"https:\/\/archive.sana.sy\/es\/index.php?rest_route=%2Fwp%2Fv2%2Ftags&post=237022"}],"curies":[{"name":"wp","href":"https:\/\/api.w.org\/{rel}","templated":true}]}}