{"id":237027,"date":"2022-06-03T16:27:48","date_gmt":"2022-06-03T13:27:48","guid":{"rendered":"http:\/\/107.6.182.27\/es\/?p=237027"},"modified":"2022-06-03T17:49:15","modified_gmt":"2022-06-03T14:49:15","slug":"damasco-la-union-europea-miente-sobre-la-situacion-en-siria-y-esta-desconectada-de-la-realidad","status":"publish","type":"post","link":"https:\/\/archive.sana.sy\/es\/?p=237027","title":{"rendered":"Damasco: la Uni\u00f3n Europea miente sobre la situaci\u00f3n en Siria y est\u00e1 desconectada de la realidad"},"content":{"rendered":"<blockquote>\n<p style=\"text-align: justify;\"><span style=\"color: #ff0000;\"><strong>\u201cPor lo tanto, la UE y Estados Unidos asumen la responsabilidad del sufrimiento de los sirios como resultado de las ilegales medidas coercitivas unilaterales\u201d, indic\u00f3 la nota.<\/strong><\/span><\/p>\n<\/blockquote>\n<p style=\"text-align: justify;\"><span style=\"color: #800000;\"><strong>Damasco, 3 jun (SANA)<\/strong><\/span> El Ministerio de Asuntos Exteriores y Expatriados anunci\u00f3 hoy que la \u201cUni\u00f3n Europea insiste una vez m\u00e1s en repetir mentiras sobre la situaci\u00f3n en Siria y muestra que est\u00e1 desconectada por completo de realidad\u201d.<\/p>\n<p style=\"text-align: justify;\">\u201cLa instituci\u00f3n de la UE desprecia las evoluciones positivas que presenci\u00f3 el pa\u00eds, a su frente los grandes logros en la lucha contra el terrorismo, la consolidaci\u00f3n de la estabilidad, la ampliaci\u00f3n de las reconciliaciones nacionales y los decretos de amnist\u00eda que abarcaron a muchos ciudadanos\u201d, afirm\u00f3 la Canciller\u00eda por medio de un comunicado emitido hoy.<\/p>\n<p style=\"text-align: justify;\">Critic\u00f3 que la UE sigue viviendo en el pasado debido a su ciega dependencia de la pol\u00edtica estadounidense, la p\u00e9rdida de independencia de su decisi\u00f3n y su plena implicaci\u00f3n en la agresi\u00f3n contra Siria.<\/p>\n<p style=\"text-align: justify;\">\u201cPor lo tanto, la UE y Estados Unidos asumen la responsabilidad del sufrimiento de los sirios como resultado de las ilegales medidas coercitivas unilaterales\u201d, indic\u00f3 la nota.<\/p>\n<p style=\"text-align: justify;\">Concluy\u00f3 con reafirmar que Siria, cuyo pueblo y ej\u00e9rcito han enfrentado a los terroristas y sus patrocinadores, no se dejar\u00e1 disuadir por las miserables posiciones de la UE, y lograr\u00e1 superar las secuelas de la agresi\u00f3n contra Siria y reconstruir lo que fue destruido por terrorismo.<\/p>\n<p style=\"text-align: justify;\">fm\/sm<\/p>\n","protected":false},"excerpt":{"rendered":"<p>\u201cPor lo tanto, la UE y Estados Unidos asumen la responsabilidad del sufrimiento de los sirios como resultado de las ilegales medidas coercitivas unilaterales\u201d, indic\u00f3 la nota. Damasco, 3 jun (SANA) El Ministerio de Asuntos Exteriores y Expatriados anunci\u00f3 hoy que la \u201cUni\u00f3n Europea insiste una vez m\u00e1s en repetir mentiras sobre la situaci\u00f3n en &hellip;<\/p>\n","protected":false},"author":39,"featured_media":237043,"comment_status":"closed","ping_status":"closed","sticky":false,"template":"","format":"standard","meta":{"footnotes":""},"categories":[477,597,573,476,583],"tags":[],"class_list":["post-237027","post","type-post","status-publish","format-standard","has-post-thumbnail","","category-noticias-edulcorantes","category-cinta-de-noticias","category-la-realidad-de-los-acontecimientos-en-siria","category-locales","category-slide"],"_links":{"self":[{"href":"https:\/\/archive.sana.sy\/es\/index.php?rest_route=\/wp\/v2\/posts\/237027"}],"collection":[{"href":"https:\/\/archive.sana.sy\/es\/index.php?rest_route=\/wp\/v2\/posts"}],"about":[{"href":"https:\/\/archive.sana.sy\/es\/index.php?rest_route=\/wp\/v2\/types\/post"}],"author":[{"embeddable":true,"href":"https:\/\/archive.sana.sy\/es\/index.php?rest_route=\/wp\/v2\/users\/39"}],"replies":[{"embeddable":true,"href":"https:\/\/archive.sana.sy\/es\/index.php?rest_route=%2Fwp%2Fv2%2Fcomments&post=237027"}],"version-history":[{"count":0,"href":"https:\/\/archive.sana.sy\/es\/index.php?rest_route=\/wp\/v2\/posts\/237027\/revisions"}],"wp:featuredmedia":[{"embeddable":true,"href":"https:\/\/archive.sana.sy\/es\/index.php?rest_route=\/wp\/v2\/media\/237043"}],"wp:attachment":[{"href":"https:\/\/archive.sana.sy\/es\/index.php?rest_route=%2Fwp%2Fv2%2Fmedia&parent=237027"}],"wp:term":[{"taxonomy":"category","embeddable":true,"href":"https:\/\/archive.sana.sy\/es\/index.php?rest_route=%2Fwp%2Fv2%2Fcategories&post=237027"},{"taxonomy":"post_tag","embeddable":true,"href":"https:\/\/archive.sana.sy\/es\/index.php?rest_route=%2Fwp%2Fv2%2Ftags&post=237027"}],"curies":[{"name":"wp","href":"https:\/\/api.w.org\/{rel}","templated":true}]}}