{"id":237032,"date":"2022-06-03T11:37:49","date_gmt":"2022-06-03T08:37:49","guid":{"rendered":"http:\/\/107.6.182.27\/es\/?p=237032"},"modified":"2023-01-10T15:57:51","modified_gmt":"2023-01-10T13:57:51","slug":"14-ninos-palestinos-fueron-asesinados-por-militares-israelies-desde-principios-de-este-ano","status":"publish","type":"post","link":"https:\/\/archive.sana.sy\/es\/?p=237032","title":{"rendered":"14 ni\u00f1os palestinos fueron asesinados por militares israel\u00edes desde principios de este a\u00f1o"},"content":{"rendered":"<blockquote>\n<p style=\"text-align: justify;\"><span style=\"color: #ff0000;\"><strong>Con el asesinato del joven palestino, Odeh Muhammad Odeh, de 16 a\u00f1os, a mano de las tropas de ocupaci\u00f3n sionistas en la localidad de Medea, al oeste de Ramallah en Cisjordania, el n\u00famero de ni\u00f1os palestinos asesinados por el fuego del ej\u00e9rcito israel\u00ed desde principios de este a\u00f1o se eleva a 14.<\/strong><\/span><\/p>\n<\/blockquote>\n<p style=\"text-align: justify;\"><span style=\"color: #800000;\"><strong>Jerusal\u00e9n ocupada, 03 jun (SANA)<\/strong> <\/span>El Movimiento Internacional para la Defensa de los Ni\u00f1os Palestinos revel\u00f3 que 14 ni\u00f1os fueron asesinados por disparos de los militares del ocupante israel\u00ed desde principios de este a\u00f1o.<\/p>\n<p style=\"text-align: justify;\">Los medios palestinos citaron un informe del Movimiento en el cual asegura que con el asesinato la v\u00edspera del joven palestino, Odeh Muhammad Odeh, de 16 a\u00f1os, a mano de las tropas de ocupaci\u00f3n sionistas en la localidad de Medea, al oeste de Ramallah en Cisjordania, el n\u00famero de ni\u00f1os palestinos asesinados por el fuego del ej\u00e9rcito israel\u00ed desde principios de este a\u00f1o se eleva a 14.<\/p>\n<p style=\"text-align: justify;\">La Entidad se\u00f1al\u00f3 que la ocupaci\u00f3n israel\u00ed contin\u00faa violando las leyes internacionales y los derechos humanos sin rendir ninguna cuenta por sus cr\u00edmenes cometidos contra los palestinos.<\/p>\n<p style=\"text-align: justify;\">sm\/fm<\/p>\n","protected":false},"excerpt":{"rendered":"<p>Con el asesinato del joven palestino, Odeh Muhammad Odeh, de 16 a\u00f1os, a mano de las tropas de ocupaci\u00f3n sionistas en la localidad de Medea, al oeste de Ramallah en Cisjordania, el n\u00famero de ni\u00f1os palestinos asesinados por el fuego del ej\u00e9rcito israel\u00ed desde principios de este a\u00f1o se eleva a 14. Jerusal\u00e9n ocupada, 03 &hellip;<\/p>\n","protected":false},"author":39,"featured_media":237033,"comment_status":"closed","ping_status":"closed","sticky":false,"template":"","format":"standard","meta":{"footnotes":""},"categories":[447,597,456,583],"tags":[],"class_list":["post-237032","post","type-post","status-publish","format-standard","has-post-thumbnail","","category-local-politica","category-cinta-de-noticias","category-arabe-internacional-politica","category-slide"],"_links":{"self":[{"href":"https:\/\/archive.sana.sy\/es\/index.php?rest_route=\/wp\/v2\/posts\/237032"}],"collection":[{"href":"https:\/\/archive.sana.sy\/es\/index.php?rest_route=\/wp\/v2\/posts"}],"about":[{"href":"https:\/\/archive.sana.sy\/es\/index.php?rest_route=\/wp\/v2\/types\/post"}],"author":[{"embeddable":true,"href":"https:\/\/archive.sana.sy\/es\/index.php?rest_route=\/wp\/v2\/users\/39"}],"replies":[{"embeddable":true,"href":"https:\/\/archive.sana.sy\/es\/index.php?rest_route=%2Fwp%2Fv2%2Fcomments&post=237032"}],"version-history":[{"count":0,"href":"https:\/\/archive.sana.sy\/es\/index.php?rest_route=\/wp\/v2\/posts\/237032\/revisions"}],"wp:featuredmedia":[{"embeddable":true,"href":"https:\/\/archive.sana.sy\/es\/index.php?rest_route=\/wp\/v2\/media\/237033"}],"wp:attachment":[{"href":"https:\/\/archive.sana.sy\/es\/index.php?rest_route=%2Fwp%2Fv2%2Fmedia&parent=237032"}],"wp:term":[{"taxonomy":"category","embeddable":true,"href":"https:\/\/archive.sana.sy\/es\/index.php?rest_route=%2Fwp%2Fv2%2Fcategories&post=237032"},{"taxonomy":"post_tag","embeddable":true,"href":"https:\/\/archive.sana.sy\/es\/index.php?rest_route=%2Fwp%2Fv2%2Ftags&post=237032"}],"curies":[{"name":"wp","href":"https:\/\/api.w.org\/{rel}","templated":true}]}}