{"id":237035,"date":"2022-06-03T17:45:32","date_gmt":"2022-06-03T14:45:32","guid":{"rendered":"http:\/\/107.6.182.27\/es\/?p=237035"},"modified":"2023-01-10T15:57:50","modified_gmt":"2023-01-10T13:57:50","slug":"moscu-tomo-medidas-para-acelerar-el-ritmo-de-la-operacion-rusa-en-ucrania","status":"publish","type":"post","link":"https:\/\/archive.sana.sy\/es\/?p=237035","title":{"rendered":"&#8220;Mosc\u00fa tom\u00f3 medidas para acelerar el ritmo de la operaci\u00f3n rusa en Ucrania&#8221;"},"content":{"rendered":"<p style=\"text-align: justify;\"><span style=\"color: #800000;\"><strong>Mosc\u00fa, 3 jun (SANA)\u00a0<\/strong> <\/span>El ministro de Defensa de Rusia, Sergu\u00e9i Shoig\u00fa, adopt\u00f3 medidas encaminadas a acelerar la operaci\u00f3n militar especial en Ucrania, inform\u00f3 hoy el presidente checheno, Ramz\u00e1n Kad\u00edrov.<\/p>\n<p style=\"text-align: justify;\">&#8220;Se han determinado nuevas tareas que implican la mejora de las t\u00e1cticas, las medidas tomadas multiplicar\u00e1n la eficacia de las maniobras ofensivas, lo que contribuir\u00e1 a realizar la operaci\u00f3n especial a un ritmo m\u00e1s r\u00e1pido&#8221;, escribi\u00f3 Kad\u00edrov en su canal de Telegram al t\u00e9rmino de su reuni\u00f3n con Shoig\u00fa en Mosc\u00fa.<\/p>\n<p style=\"text-align: justify;\">El ministro de defensa ruso le pidi\u00f3 al jefe checheno que transmitiera su agradecimiento a las fuerzas de esa regi\u00f3n rusa por su aporte a la lucha contra los militares ucranianos.<\/p>\n<p style=\"text-align: justify;\">fm\/sm<\/p>\n","protected":false},"excerpt":{"rendered":"<p>Mosc\u00fa, 3 jun (SANA)\u00a0 El ministro de Defensa de Rusia, Sergu\u00e9i Shoig\u00fa, adopt\u00f3 medidas encaminadas a acelerar la operaci\u00f3n militar especial en Ucrania, inform\u00f3 hoy el presidente checheno, Ramz\u00e1n Kad\u00edrov. &#8220;Se han determinado nuevas tareas que implican la mejora de las t\u00e1cticas, las medidas tomadas multiplicar\u00e1n la eficacia de las maniobras ofensivas, lo que contribuir\u00e1 &hellip;<\/p>\n","protected":false},"author":39,"featured_media":237036,"comment_status":"closed","ping_status":"closed","sticky":false,"template":"","format":"standard","meta":{"footnotes":""},"categories":[597,456,7541],"tags":[],"class_list":["post-237035","post","type-post","status-publish","format-standard","has-post-thumbnail","","category-cinta-de-noticias","category-arabe-internacional-politica","category-ultimas-noticias"],"_links":{"self":[{"href":"https:\/\/archive.sana.sy\/es\/index.php?rest_route=\/wp\/v2\/posts\/237035"}],"collection":[{"href":"https:\/\/archive.sana.sy\/es\/index.php?rest_route=\/wp\/v2\/posts"}],"about":[{"href":"https:\/\/archive.sana.sy\/es\/index.php?rest_route=\/wp\/v2\/types\/post"}],"author":[{"embeddable":true,"href":"https:\/\/archive.sana.sy\/es\/index.php?rest_route=\/wp\/v2\/users\/39"}],"replies":[{"embeddable":true,"href":"https:\/\/archive.sana.sy\/es\/index.php?rest_route=%2Fwp%2Fv2%2Fcomments&post=237035"}],"version-history":[{"count":0,"href":"https:\/\/archive.sana.sy\/es\/index.php?rest_route=\/wp\/v2\/posts\/237035\/revisions"}],"wp:featuredmedia":[{"embeddable":true,"href":"https:\/\/archive.sana.sy\/es\/index.php?rest_route=\/wp\/v2\/media\/237036"}],"wp:attachment":[{"href":"https:\/\/archive.sana.sy\/es\/index.php?rest_route=%2Fwp%2Fv2%2Fmedia&parent=237035"}],"wp:term":[{"taxonomy":"category","embeddable":true,"href":"https:\/\/archive.sana.sy\/es\/index.php?rest_route=%2Fwp%2Fv2%2Fcategories&post=237035"},{"taxonomy":"post_tag","embeddable":true,"href":"https:\/\/archive.sana.sy\/es\/index.php?rest_route=%2Fwp%2Fv2%2Ftags&post=237035"}],"curies":[{"name":"wp","href":"https:\/\/api.w.org\/{rel}","templated":true}]}}