{"id":237183,"date":"2022-06-04T18:52:07","date_gmt":"2022-06-04T15:52:07","guid":{"rendered":"http:\/\/107.6.182.27\/es\/?p=237183"},"modified":"2022-06-04T18:52:07","modified_gmt":"2022-06-04T15:52:07","slug":"el-canciller-sirio-insta-a-no-politizar-la-accion-humanitaria","status":"publish","type":"post","link":"https:\/\/archive.sana.sy\/es\/?p=237183","title":{"rendered":"El canciller sirio insta a no politizar la acci\u00f3n humanitaria"},"content":{"rendered":"<blockquote>\n<p style=\"text-align: justify;\"><strong>Plasschaert agradeci\u00f3 la cooperaci\u00f3n siria con respecto al cierre de los campamentos, especialmente los ubicados en las fronteras sirio-iraqu\u00edes, y manifest\u00f3 su disposici\u00f3n a trabajar en coordinaci\u00f3n con los gobiernos sirio e iraqu\u00ed para solucionar los problemas de los ciudadanos iraqu\u00edes, en particular los ni\u00f1os y las mujeres del campamento al-Hol.<\/strong><\/p>\n<\/blockquote>\n<p style=\"text-align: justify;\">\n<p style=\"text-align: justify;\"><span style=\"color: #800000;\"><strong>Damasco, 04 jun (SANA)\u00a0 \u00a0<\/strong><\/span>El ministro de Asuntos Exteriores, Faisal al-Mekdad, recibi\u00f3 este s\u00e1bado en la sede de la canciller\u00eda en Damasco, a la representante especial del Secretario General de las Naciones Unidas en Iraq, Jeanine Plasschaert, y la delegaci\u00f3n acompa\u00f1ante.<\/p>\n<p style=\"text-align: justify;\">Las dos partes abordaron las formas de cooperaci\u00f3n y coordinaci\u00f3n entre los \u00f3rganos y agencias de las Naciones Unidas por un lado, y el gobierno sirio por el otro lado, en todos los campos, en particular la ayuda humanitaria, as\u00ed como discutieron las condiciones de los campamentos, especialmente Al-Hol en la provincia de Deir Ezzor.<\/p>\n<p style=\"text-align: justify;\">El canciller enfatiz\u00f3 la necesidad de que no se politice la acci\u00f3n humanitaria, y que la ONU coordinen con el gobierno sirio para devolver a los refugiados sirios en campamentos de otros pa\u00edses a su patria.<\/p>\n<p style=\"text-align: justify;\">Por su parte, Plasschaert agradeci\u00f3 la cooperaci\u00f3n siria con respecto al cierre de los campamentos, especialmente los ubicados en las fronteras sirio-iraqu\u00edes, y manifest\u00f3 su disposici\u00f3n a trabajar en coordinaci\u00f3n con los gobiernos sirio e iraqu\u00ed para solucionar los problemas de los ciudadanos iraqu\u00edes, en particular los ni\u00f1os y las mujeres del campamento al-Hol.<\/p>\n<p style=\"text-align: justify;\">rr\/fm<\/p>\n","protected":false},"excerpt":{"rendered":"<p>Plasschaert agradeci\u00f3 la cooperaci\u00f3n siria con respecto al cierre de los campamentos, especialmente los ubicados en las fronteras sirio-iraqu\u00edes, y manifest\u00f3 su disposici\u00f3n a trabajar en coordinaci\u00f3n con los gobiernos sirio e iraqu\u00ed para solucionar los problemas de los ciudadanos iraqu\u00edes, en particular los ni\u00f1os y las mujeres del campamento al-Hol. Damasco, 04 jun (SANA)\u00a0 &hellip;<\/p>\n","protected":false},"author":31,"featured_media":237184,"comment_status":"closed","ping_status":"closed","sticky":false,"template":"","format":"standard","meta":{"footnotes":""},"categories":[597,476,467,7541],"tags":[],"class_list":["post-237183","post","type-post","status-publish","format-standard","has-post-thumbnail","","category-cinta-de-noticias","category-locales","category-siria-y-el-mundo","category-ultimas-noticias"],"_links":{"self":[{"href":"https:\/\/archive.sana.sy\/es\/index.php?rest_route=\/wp\/v2\/posts\/237183"}],"collection":[{"href":"https:\/\/archive.sana.sy\/es\/index.php?rest_route=\/wp\/v2\/posts"}],"about":[{"href":"https:\/\/archive.sana.sy\/es\/index.php?rest_route=\/wp\/v2\/types\/post"}],"author":[{"embeddable":true,"href":"https:\/\/archive.sana.sy\/es\/index.php?rest_route=\/wp\/v2\/users\/31"}],"replies":[{"embeddable":true,"href":"https:\/\/archive.sana.sy\/es\/index.php?rest_route=%2Fwp%2Fv2%2Fcomments&post=237183"}],"version-history":[{"count":0,"href":"https:\/\/archive.sana.sy\/es\/index.php?rest_route=\/wp\/v2\/posts\/237183\/revisions"}],"wp:featuredmedia":[{"embeddable":true,"href":"https:\/\/archive.sana.sy\/es\/index.php?rest_route=\/wp\/v2\/media\/237184"}],"wp:attachment":[{"href":"https:\/\/archive.sana.sy\/es\/index.php?rest_route=%2Fwp%2Fv2%2Fmedia&parent=237183"}],"wp:term":[{"taxonomy":"category","embeddable":true,"href":"https:\/\/archive.sana.sy\/es\/index.php?rest_route=%2Fwp%2Fv2%2Fcategories&post=237183"},{"taxonomy":"post_tag","embeddable":true,"href":"https:\/\/archive.sana.sy\/es\/index.php?rest_route=%2Fwp%2Fv2%2Ftags&post=237183"}],"curies":[{"name":"wp","href":"https:\/\/api.w.org\/{rel}","templated":true}]}}