{"id":237186,"date":"2022-06-04T15:45:45","date_gmt":"2022-06-04T12:45:45","guid":{"rendered":"http:\/\/107.6.182.27\/es\/?p=237186"},"modified":"2023-01-10T15:57:48","modified_gmt":"2023-01-10T13:57:48","slug":"sanciones-antirrusas-no-surten-efecto-deseado","status":"publish","type":"post","link":"https:\/\/archive.sana.sy\/es\/?p=237186","title":{"rendered":"Sanciones antirrusas no surten efecto deseado"},"content":{"rendered":"<blockquote>\n<p style=\"text-align: justify;\"><strong>Pese a dudas y controversias internas, la Uni\u00f3n Europea (UE) aprob\u00f3 esta semana su sexto paquete de sanciones antirrusas que, seg\u00fan expertos, har\u00e1 tanto o m\u00e1s da\u00f1o al bloque comunitario que a este pa\u00eds.<\/strong><\/p>\n<\/blockquote>\n<p style=\"text-align: justify;\">\n<span style=\"color: #800000;\"><strong>Mosc\u00fa, 4 jun (SANA)<\/strong>\u00a0 \u00a0<\/span>Pese a dudas y controversias internas, la Uni\u00f3n Europea (UE) aprob\u00f3 esta semana su sexto paquete de sanciones antirrusas que, seg\u00fan expertos, har\u00e1 tanto o m\u00e1s da\u00f1o al bloque comunitario que a este pa\u00eds.<\/p>\n<p style=\"text-align: justify;\">La cumbre de los jefes de Estado y Gobierno en Bruselas tuvo lugar en medio de fuertes desavenencias entre los pa\u00edses del grupo por la presi\u00f3n de la jefatura comunitaria de cortar los lazos energ\u00e9ticos con la naci\u00f3n euroasi\u00e1tica, algo que no aprueban todos los miembros, preocupados por la posibilidad de una crisis energ\u00e9tica.<\/p>\n<p style=\"text-align: justify;\">Entre las medidas acordadas, la presidenta de la Comisi\u00f3n Europea, Ursula von der Leyen, inform\u00f3 que aparece el embargo parcial postergado unos meses de las importaciones de petr\u00f3leo ruso, con la excepci\u00f3n de Hungr\u00eda, que plante\u00f3 no estar en condiciones de aceptar la decisi\u00f3n.<\/p>\n<p style=\"text-align: justify;\">La reuni\u00f3n aprob\u00f3 tambi\u00e9n la ampliaci\u00f3n de la lista negra de funcionarios y empresarios de este pa\u00eds castigados en territorio de la UE, la exclusi\u00f3n del Sberbank y otros dos bancos rusos del sistema Swift y la prohibici\u00f3n de transmitir su programaci\u00f3n en zona comunitaria a tres canales de televisi\u00f3n rusos.<\/p>\n<p style=\"text-align: justify;\">Sin embargo, la mayor fuente de conflictos en el marco del bloque fue la aprobaci\u00f3n del embargo a las compras del combustible ruso, cuya necesidad aflora como la piedra en el zapato de algunas naciones de la regi\u00f3n, de ah\u00ed que la meta prometida en el encuentro fue abandonar el 90 por ciento de su importaci\u00f3n para fines de a\u00f1o.<\/p>\n<p style=\"text-align: justify;\">Frente a tal dilema y a las presiones estadounidenses porque Europa abandone las compras a Rusia, cada d\u00eda son m\u00e1s los pa\u00edses que aceptaron mantener las importaciones del gas de Mosc\u00fa, conscientes de sus requerimientos energ\u00e9ticos nacionales y de que cumplir con lo solicitado constituir\u00eda un suicidio econ\u00f3mico.<\/p>\n<p style=\"text-align: justify;\">Budapest fue uno de los que acept\u00f3 pagar en rublos por el gas ruso, una exigencia impuesta por Mosc\u00fa desde el 1 de abril a sus compradores hostiles, considerados as\u00ed los pa\u00edses que se unieron a las m\u00e1s de 10 mil sanciones lanzadas contra la naci\u00f3n euroasi\u00e1tica, la mayor\u00eda de ellas en los \u00faltimos tres meses.<\/p>\n<p style=\"text-align: justify;\">Pero Hungr\u00eda no fue el \u00fanico, cada vez son m\u00e1s las empresas que est\u00e1n comprando gas ruso con cuentas en rublos.<\/p>\n<p style=\"text-align: justify;\">El vice primer ministro ruso Alexander N\u00f3vak destac\u00f3 que casi la mitad de los 54 clientes de Gazprom Export abrieron cuentas con su banco, mientras otros no aceptaron ese procedimiento de pago.<\/p>\n<p style=\"text-align: justify;\">Todas las importadoras griegas comenzaron a pagar al gigante gasifero en rublos, por lo que el pa\u00eds hel\u00e9nico no sufrir\u00e1 interrupciones de suministros.<\/p>\n<p style=\"text-align: justify;\">Por su parte, los gobiernos de Alemania, Austria e Italia tambi\u00e9n autorizaron a sus empresas la apertura de cuentas en el Gazprombank para pagar por el gas ruso, tras consultar con la Uni\u00f3n Europea.<\/p>\n<p style=\"text-align: justify;\">Seg\u00fan la agencia Bloomberg, la directiva del bloque comunitario est\u00e1 \u201ccerca de alcanzar el l\u00edmite\u201d de su capacidad para imponer medidas restrictivas contra Rusia, porque no han podido asestar un golpe certero y duro a la \u201clucrativa industria energ\u00e9tica\u201d.<\/p>\n<p style=\"text-align: justify;\">En tal sentido, la presidenta del Consejo de la Federaci\u00f3n (Senado) de Rusia, Valentina Matvienko, declar\u00f3 el pasado 31 de mayo que las sanciones contra su pa\u00eds llegaron al l\u00edmite sin que produjeran los resultados esperados por los pa\u00edses occidentales.<\/p>\n<p style=\"text-align: justify;\">Al intervenir ante la Asamblea (Parlamento) de Mozambique, en la ciudad de Maputo, la senadora explic\u00f3 que Rusia contin\u00faa su desarrollo y enfrenta la presi\u00f3n ejercida sobre ella, mientras los autores de las m\u00e1s de 10 mil medidas contra su pa\u00eds admitieron haber agotado las posibilidades de la continuaci\u00f3n de la guerra de sanciones.<\/p>\n<p style=\"text-align: justify;\">El canciller ruso, Sergu\u00e9i Lavrov, llam\u00f3 la atenci\u00f3n sobre declaraciones de pol\u00edticos occidentales quienes reconocieron que las medidas no funcionan porque con la reducci\u00f3n de las compras de recursos energ\u00e9ticos a este pa\u00eds los precios mundiales subieron y, como resultado, Rusia est\u00e1 recibiendo m\u00e1s ingresos que el a\u00f1o pasado.<\/p>\n<p style=\"text-align: justify;\">\u201cQue saquen conclusiones, aparentemente, al final comenzaron a contar y a tratar de averiguar qu\u00e9 est\u00e1n haciendo y cu\u00e1les son las consecuencias de estas acciones\u201d, enfatiz\u00f3.<\/p>\n<p style=\"text-align: justify;\">\n<p style=\"text-align: justify;\"><strong><span style=\"color: #0000ff;\">Por: Mario Mu\u00f1oz Lozano<\/span><\/strong><br \/>\n<strong><span style=\"color: #0000ff;\">Fuente: Prensa Latina<\/span><\/strong><\/p>\n","protected":false},"excerpt":{"rendered":"<p>Pese a dudas y controversias internas, la Uni\u00f3n Europea (UE) aprob\u00f3 esta semana su sexto paquete de sanciones antirrusas que, seg\u00fan expertos, har\u00e1 tanto o m\u00e1s da\u00f1o al bloque comunitario que a este pa\u00eds. Mosc\u00fa, 4 jun (SANA)\u00a0 \u00a0Pese a dudas y controversias internas, la Uni\u00f3n Europea (UE) aprob\u00f3 esta semana su sexto paquete de &hellip;<\/p>\n","protected":false},"author":31,"featured_media":237187,"comment_status":"closed","ping_status":"closed","sticky":false,"template":"","format":"standard","meta":{"footnotes":""},"categories":[16929,597,456,7541],"tags":[],"class_list":["post-237186","post","type-post","status-publish","format-standard","has-post-thumbnail","","category-articulos-de-opinion","category-cinta-de-noticias","category-arabe-internacional-politica","category-ultimas-noticias"],"_links":{"self":[{"href":"https:\/\/archive.sana.sy\/es\/index.php?rest_route=\/wp\/v2\/posts\/237186"}],"collection":[{"href":"https:\/\/archive.sana.sy\/es\/index.php?rest_route=\/wp\/v2\/posts"}],"about":[{"href":"https:\/\/archive.sana.sy\/es\/index.php?rest_route=\/wp\/v2\/types\/post"}],"author":[{"embeddable":true,"href":"https:\/\/archive.sana.sy\/es\/index.php?rest_route=\/wp\/v2\/users\/31"}],"replies":[{"embeddable":true,"href":"https:\/\/archive.sana.sy\/es\/index.php?rest_route=%2Fwp%2Fv2%2Fcomments&post=237186"}],"version-history":[{"count":0,"href":"https:\/\/archive.sana.sy\/es\/index.php?rest_route=\/wp\/v2\/posts\/237186\/revisions"}],"wp:featuredmedia":[{"embeddable":true,"href":"https:\/\/archive.sana.sy\/es\/index.php?rest_route=\/wp\/v2\/media\/237187"}],"wp:attachment":[{"href":"https:\/\/archive.sana.sy\/es\/index.php?rest_route=%2Fwp%2Fv2%2Fmedia&parent=237186"}],"wp:term":[{"taxonomy":"category","embeddable":true,"href":"https:\/\/archive.sana.sy\/es\/index.php?rest_route=%2Fwp%2Fv2%2Fcategories&post=237186"},{"taxonomy":"post_tag","embeddable":true,"href":"https:\/\/archive.sana.sy\/es\/index.php?rest_route=%2Fwp%2Fv2%2Ftags&post=237186"}],"curies":[{"name":"wp","href":"https:\/\/api.w.org\/{rel}","templated":true}]}}