{"id":237203,"date":"2022-06-04T21:01:07","date_gmt":"2022-06-04T18:01:07","guid":{"rendered":"http:\/\/107.6.182.27\/es\/?p=237203"},"modified":"2022-06-04T21:57:51","modified_gmt":"2022-06-04T18:57:51","slug":"damasco-rechaza-pretension-turca-de-establecer-zona-segura-y-considera-que-las-agresiones-turcas-violan-el-derecho-internacional","status":"publish","type":"post","link":"https:\/\/archive.sana.sy\/es\/?p=237203","title":{"rendered":"Damasco rechaza pretensi\u00f3n turca de establecer \u201czona segura\u201d y considera que las agresiones turcas violan el Derecho Internacional"},"content":{"rendered":"<p style=\"text-align: justify;\"><span style=\"color: #800000;\"><strong>Damasco, 4 jun (SANA)<\/strong><\/span>\u00a0 \u00a0La Republica \u00c1rabe Siria rechaza las declaraciones agresivas del r\u00e9gimen turco con respecto al establecimiento de la llamada \u201czona segura en el norte de Siria\u201d y condena los repetidos y continuos ataques contra el territorio sirio, que cobraron la vida de varios ciudadanos inocentes, declar\u00f3 la Canciller\u00eda siria este s\u00e1bado.<\/p>\n<p style=\"text-align: justify;\">\u201cLas amenazas agresivas del r\u00e9gimen turco constituyen una violaci\u00f3n flagrante del Derecho Internacional y de la soberan\u00eda, unidad e integridad territorial de Siria\u201d, afirm\u00f3 un comunicado del ente.<\/p>\n<p style=\"text-align: justify;\">Agreg\u00f3 que estas amenazas contradicen los entendimientos de Astan\u00e1, constituyen una grave amenaza para la paz y la seguridad en la regi\u00f3n y socavan todos los entendimientos previos bajo auspicios internacionales que tuvieron lugar en las l\u00edneas de las zonas de desescalada.<\/p>\n<p style=\"text-align: justify;\">rr\/fm<\/p>\n","protected":false},"excerpt":{"rendered":"<p>Damasco, 4 jun (SANA)\u00a0 \u00a0La Republica \u00c1rabe Siria rechaza las declaraciones agresivas del r\u00e9gimen turco con respecto al establecimiento de la llamada \u201czona segura en el norte de Siria\u201d y condena los repetidos y continuos ataques contra el territorio sirio, que cobraron la vida de varios ciudadanos inocentes, declar\u00f3 la Canciller\u00eda siria este s\u00e1bado. \u201cLas &hellip;<\/p>\n","protected":false},"author":31,"featured_media":237204,"comment_status":"closed","ping_status":"closed","sticky":false,"template":"","format":"standard","meta":{"footnotes":""},"categories":[597,476,583],"tags":[],"class_list":["post-237203","post","type-post","status-publish","format-standard","has-post-thumbnail","","category-cinta-de-noticias","category-locales","category-slide"],"_links":{"self":[{"href":"https:\/\/archive.sana.sy\/es\/index.php?rest_route=\/wp\/v2\/posts\/237203"}],"collection":[{"href":"https:\/\/archive.sana.sy\/es\/index.php?rest_route=\/wp\/v2\/posts"}],"about":[{"href":"https:\/\/archive.sana.sy\/es\/index.php?rest_route=\/wp\/v2\/types\/post"}],"author":[{"embeddable":true,"href":"https:\/\/archive.sana.sy\/es\/index.php?rest_route=\/wp\/v2\/users\/31"}],"replies":[{"embeddable":true,"href":"https:\/\/archive.sana.sy\/es\/index.php?rest_route=%2Fwp%2Fv2%2Fcomments&post=237203"}],"version-history":[{"count":0,"href":"https:\/\/archive.sana.sy\/es\/index.php?rest_route=\/wp\/v2\/posts\/237203\/revisions"}],"wp:featuredmedia":[{"embeddable":true,"href":"https:\/\/archive.sana.sy\/es\/index.php?rest_route=\/wp\/v2\/media\/237204"}],"wp:attachment":[{"href":"https:\/\/archive.sana.sy\/es\/index.php?rest_route=%2Fwp%2Fv2%2Fmedia&parent=237203"}],"wp:term":[{"taxonomy":"category","embeddable":true,"href":"https:\/\/archive.sana.sy\/es\/index.php?rest_route=%2Fwp%2Fv2%2Fcategories&post=237203"},{"taxonomy":"post_tag","embeddable":true,"href":"https:\/\/archive.sana.sy\/es\/index.php?rest_route=%2Fwp%2Fv2%2Ftags&post=237203"}],"curies":[{"name":"wp","href":"https:\/\/api.w.org\/{rel}","templated":true}]}}