{"id":23731,"date":"2015-05-22T18:52:46","date_gmt":"2015-05-22T15:52:46","guid":{"rendered":"http:\/\/sana.sy\/es\/?p=23731"},"modified":"2015-05-22T20:49:53","modified_gmt":"2015-05-22T17:49:53","slug":"eeuu-reconoce-por-primera-vez-bajas-civiles-en-sus-ataques-aereos-en-siria","status":"publish","type":"post","link":"https:\/\/archive.sana.sy\/es\/?p=23731","title":{"rendered":"EEUU reconoce por primera vez bajas civiles en sus ataques a\u00e9reos en Siria"},"content":{"rendered":"<p><span style=\"color: #800000\">Washington-SANA<\/span><\/p>\n<p style=\"text-align: justify\">El ej\u00e9rcito norteamericano reconoce por primera vez la muerte de civiles durante los ataques de la coalici\u00f3n internacional liderada por EE.UU, contra el grupo terrorista (EI) (Daesh, en \u00e1rabe).<\/p>\n<p style=\"text-align: justify\">El Mando Central del Ej\u00e9rcito norteamericano admiti\u00f3 el jueves que, los d\u00edas 5 y 6 de noviembre del 2014, dos ni\u00f1os sirios murieron durante los ataques a\u00e9reos supuestamente dirigidos contra el grupo Jorasan, filial de Al-Qaeda, en la ciudad de Harem, de la provincia de Idleb.<\/p>\n<p style=\"text-align: justify\">\u201cSentimos la p\u00e9rdida no intencional de vidas\u201d, expres\u00f3 en un comunicado el teniente general James Terry, quien comanda las incursiones a\u00e9reas de la llamada coalici\u00f3n.<\/p>\n<p style=\"text-align: justify\">Este reconocimiento se produce tras una reciente investigaci\u00f3n sobre las supuestas bajas civiles de los bombardeos de la coalici\u00f3n internacional.<\/p>\n<p style=\"text-align: justify\">Conviene mencionar que, los Estados Unidos lidera una coalici\u00f3n militar internacional que tiene como objetivo atacar desde el aire las posiciones en Irak y en Siria de los milicianos del grupo terrorista, sin embargo, hasta el momento, no ha habido resultados patentes ya que la coalici\u00f3n bombardea las posiciones y los pozos petrol\u00edferos controlados por dicho grupo, as\u00ed como las infraestructuras.<\/p>\n<p>M.Miri, Riad.Sh<\/p>\n","protected":false},"excerpt":{"rendered":"<p>Washington-SANA El ej\u00e9rcito norteamericano reconoce por primera vez la muerte de civiles durante los ataques de la coalici\u00f3n internacional liderada por EE.UU, contra el grupo terrorista (EI) (Daesh, en \u00e1rabe). El Mando Central del Ej\u00e9rcito norteamericano admiti\u00f3 el jueves que, los d\u00edas 5 y 6 de noviembre del 2014, dos ni\u00f1os sirios murieron durante los &hellip;<\/p>\n","protected":false},"author":1,"featured_media":23732,"comment_status":"closed","ping_status":"closed","sticky":false,"template":"","format":"standard","meta":{"footnotes":""},"categories":[456,457,576],"tags":[5360],"class_list":["post-23731","post","type-post","status-publish","format-standard","has-post-thumbnail","","category-arabe-internacional-politica","category-noticias-arabe-internacional-politica","category-noticias-politicas","tag-eeuu-reconoce-por-primera-vez-bajas-civiles-en-sus-ataques-aereos-en-siria"],"_links":{"self":[{"href":"https:\/\/archive.sana.sy\/es\/index.php?rest_route=\/wp\/v2\/posts\/23731"}],"collection":[{"href":"https:\/\/archive.sana.sy\/es\/index.php?rest_route=\/wp\/v2\/posts"}],"about":[{"href":"https:\/\/archive.sana.sy\/es\/index.php?rest_route=\/wp\/v2\/types\/post"}],"author":[{"embeddable":true,"href":"https:\/\/archive.sana.sy\/es\/index.php?rest_route=\/wp\/v2\/users\/1"}],"replies":[{"embeddable":true,"href":"https:\/\/archive.sana.sy\/es\/index.php?rest_route=%2Fwp%2Fv2%2Fcomments&post=23731"}],"version-history":[{"count":0,"href":"https:\/\/archive.sana.sy\/es\/index.php?rest_route=\/wp\/v2\/posts\/23731\/revisions"}],"wp:featuredmedia":[{"embeddable":true,"href":"https:\/\/archive.sana.sy\/es\/index.php?rest_route=\/wp\/v2\/media\/23732"}],"wp:attachment":[{"href":"https:\/\/archive.sana.sy\/es\/index.php?rest_route=%2Fwp%2Fv2%2Fmedia&parent=23731"}],"wp:term":[{"taxonomy":"category","embeddable":true,"href":"https:\/\/archive.sana.sy\/es\/index.php?rest_route=%2Fwp%2Fv2%2Fcategories&post=23731"},{"taxonomy":"post_tag","embeddable":true,"href":"https:\/\/archive.sana.sy\/es\/index.php?rest_route=%2Fwp%2Fv2%2Ftags&post=23731"}],"curies":[{"name":"wp","href":"https:\/\/api.w.org\/{rel}","templated":true}]}}