{"id":23737,"date":"2015-05-22T19:10:04","date_gmt":"2015-05-22T16:10:04","guid":{"rendered":"http:\/\/sana.sy\/es\/?p=23737"},"modified":"2015-05-22T19:18:40","modified_gmt":"2015-05-22T16:18:40","slug":"una-familia-jordana-se-manifiesta-frente-a-la-embajada-de-su-pais-en-damasco","status":"publish","type":"post","link":"https:\/\/archive.sana.sy\/es\/?p=23737","title":{"rendered":"Una familia jordana se manifiesta frente a la embajada de su pa\u00eds en Damasco"},"content":{"rendered":"<p><span style=\"color: #800000\">Damasco-SANA<\/span><\/p>\n<p style=\"text-align: justify\">Una familia de nacionalidad jordana se manifest\u00f3 hoy frente a la embajada de su pa\u00eds en Damasco para condenar el sistem\u00e1tico apoyo del r\u00e9gimen jordano a organizaciones terroristas encabezadas por el Frente Al-Nusra, y pidi\u00f3 se detengan las acciones que ponen en peligro la seguridad y estabilidad de la vecina Siria, seg\u00fan relat\u00f3 Ahamed Gabreil Fares, un miembro de la familia.<\/p>\n<p style=\"text-align: justify\">En una declaraci\u00f3n al corresponsal de SANA Gabriel se ha sorprendido &#8220;por el hecho de que el gobierno jordano protege la frontera de Jordania con los territorios palestinos ocupados y al mismo tiempo, facilita a los insurgentes cruzar su frontera con Siria&#8221;, haciendo hincapi\u00e9 en que la &#8220;guerra contra Siria da\u00f1ar\u00e1 la seguridad nacional de Jordania tambi\u00e9n\u201d.<\/p>\n<p style=\"text-align: justify\">Convienes mencionar, que el Gobierno de Damasco acus\u00f3 a algunos pa\u00edses regionales entre ellos Jordania de apoyar al grupo terrorista Frente Al-Nusra entre otras organizaciones.<\/p>\n<p style=\"text-align: justify\">M.Miri, Riad.Sh<\/p>\n","protected":false},"excerpt":{"rendered":"<p>Damasco-SANA Una familia de nacionalidad jordana se manifest\u00f3 hoy frente a la embajada de su pa\u00eds en Damasco para condenar el sistem\u00e1tico apoyo del r\u00e9gimen jordano a organizaciones terroristas encabezadas por el Frente Al-Nusra, y pidi\u00f3 se detengan las acciones que ponen en peligro la seguridad y estabilidad de la vecina Siria, seg\u00fan relat\u00f3 Ahamed &hellip;<\/p>\n","protected":false},"author":1,"featured_media":23738,"comment_status":"closed","ping_status":"closed","sticky":false,"template":"","format":"standard","meta":{"footnotes":""},"categories":[456,457,576],"tags":[5362],"class_list":["post-23737","post","type-post","status-publish","format-standard","has-post-thumbnail","","category-arabe-internacional-politica","category-noticias-arabe-internacional-politica","category-noticias-politicas","tag-una-familia-jordana-se-manifiesta-frente-a-la-embajada-de-su-pais-en-damasco"],"_links":{"self":[{"href":"https:\/\/archive.sana.sy\/es\/index.php?rest_route=\/wp\/v2\/posts\/23737"}],"collection":[{"href":"https:\/\/archive.sana.sy\/es\/index.php?rest_route=\/wp\/v2\/posts"}],"about":[{"href":"https:\/\/archive.sana.sy\/es\/index.php?rest_route=\/wp\/v2\/types\/post"}],"author":[{"embeddable":true,"href":"https:\/\/archive.sana.sy\/es\/index.php?rest_route=\/wp\/v2\/users\/1"}],"replies":[{"embeddable":true,"href":"https:\/\/archive.sana.sy\/es\/index.php?rest_route=%2Fwp%2Fv2%2Fcomments&post=23737"}],"version-history":[{"count":0,"href":"https:\/\/archive.sana.sy\/es\/index.php?rest_route=\/wp\/v2\/posts\/23737\/revisions"}],"wp:featuredmedia":[{"embeddable":true,"href":"https:\/\/archive.sana.sy\/es\/index.php?rest_route=\/wp\/v2\/media\/23738"}],"wp:attachment":[{"href":"https:\/\/archive.sana.sy\/es\/index.php?rest_route=%2Fwp%2Fv2%2Fmedia&parent=23737"}],"wp:term":[{"taxonomy":"category","embeddable":true,"href":"https:\/\/archive.sana.sy\/es\/index.php?rest_route=%2Fwp%2Fv2%2Fcategories&post=23737"},{"taxonomy":"post_tag","embeddable":true,"href":"https:\/\/archive.sana.sy\/es\/index.php?rest_route=%2Fwp%2Fv2%2Ftags&post=23737"}],"curies":[{"name":"wp","href":"https:\/\/api.w.org\/{rel}","templated":true}]}}