{"id":23758,"date":"2015-05-23T15:03:53","date_gmt":"2015-05-23T12:03:53","guid":{"rendered":"http:\/\/www.sana.sy\/es\/?p=23758"},"modified":"2015-05-23T17:22:35","modified_gmt":"2015-05-23T14:22:35","slug":"brics-reitera-su-apoyo-a-la-soberania-e-integridad-territorial-de-siria","status":"publish","type":"post","link":"https:\/\/archive.sana.sy\/es\/?p=23758","title":{"rendered":"BRICS reitera su apoyo a la soberan\u00eda e integridad territorial de Siria"},"content":{"rendered":"<p><span style=\"color: #800000\">Mosc\u00fa, SANA<\/span><\/p>\n<p>Los vicecancilleres de los pa\u00edses del BRICS ratificaron su firme apoyo a la soberan\u00eda e integridad territorial de Siria, y a la soluci\u00f3n pac\u00edfica de la crisis en la misma.<\/p>\n<p>En un comunicado emitido este s\u00e1bado sobre los resultados de la reuni\u00f3n de los vicecancilleres de los Estados del BRICS que se celebr\u00f3 el viernes, Canciller\u00eda rusa se\u00f1al\u00f3 que los vicecancilleres expresaron su suma preocupaci\u00f3n por la continuaci\u00f3n de la crisis en Siria, el deterioro de la situaci\u00f3n humanitaria y el crecimiento del peligro del terrorismo internacional y el extremismo en esta naci\u00f3n.<\/p>\n<p>Asimismo, reiteraron su firme apoyo a la soberan\u00eda e integridad territorial de Siria, destacando la necesidad de dar con una soluci\u00f3n pac\u00edfica de su crisis por los propios sirios, as\u00ed como exhortaron a todos los bandos del conflicto a que cumplan las resoluciones del Consejo de Seguridad de la ONU al respecto.<\/p>\n<p>Por otro lado, el comunicado se\u00f1al\u00f3 que los Estados del BRICS volvieron a denunciar el uso de las armas qu\u00edmicas por cualquiera de las partes y bajo cualquier circunstancia, exhortando a la comunidad internacional a que mantengan una postura unificada al investigar el supuesto uso del gas del coloro como una arma qu\u00edmica en Siria.<\/p>\n<p>En este sentido, destacaron la importancia de la cooperaci\u00f3n entre las autoridades sirias y los representantes de la misi\u00f3n de la OPAQ en Siria.<br \/>\nLynn A., Fady M.<\/p>\n","protected":false},"excerpt":{"rendered":"<p>Mosc\u00fa, SANA Los vicecancilleres de los pa\u00edses del BRICS ratificaron su firme apoyo a la soberan\u00eda e integridad territorial de Siria, y a la soluci\u00f3n pac\u00edfica de la crisis en la misma. En un comunicado emitido este s\u00e1bado sobre los resultados de la reuni\u00f3n de los vicecancilleres de los Estados del BRICS que se celebr\u00f3 &hellip;<\/p>\n","protected":false},"author":24,"featured_media":23759,"comment_status":"closed","ping_status":"closed","sticky":false,"template":"","format":"standard","meta":{"footnotes":""},"categories":[597,456,457,576],"tags":[5366],"class_list":["post-23758","post","type-post","status-publish","format-standard","has-post-thumbnail","","category-cinta-de-noticias","category-arabe-internacional-politica","category-noticias-arabe-internacional-politica","category-noticias-politicas","tag-brics-reitera-su-apoyo-a-la-soberania-e-integridad-territorial-de-siria"],"_links":{"self":[{"href":"https:\/\/archive.sana.sy\/es\/index.php?rest_route=\/wp\/v2\/posts\/23758"}],"collection":[{"href":"https:\/\/archive.sana.sy\/es\/index.php?rest_route=\/wp\/v2\/posts"}],"about":[{"href":"https:\/\/archive.sana.sy\/es\/index.php?rest_route=\/wp\/v2\/types\/post"}],"author":[{"embeddable":true,"href":"https:\/\/archive.sana.sy\/es\/index.php?rest_route=\/wp\/v2\/users\/24"}],"replies":[{"embeddable":true,"href":"https:\/\/archive.sana.sy\/es\/index.php?rest_route=%2Fwp%2Fv2%2Fcomments&post=23758"}],"version-history":[{"count":0,"href":"https:\/\/archive.sana.sy\/es\/index.php?rest_route=\/wp\/v2\/posts\/23758\/revisions"}],"wp:featuredmedia":[{"embeddable":true,"href":"https:\/\/archive.sana.sy\/es\/index.php?rest_route=\/wp\/v2\/media\/23759"}],"wp:attachment":[{"href":"https:\/\/archive.sana.sy\/es\/index.php?rest_route=%2Fwp%2Fv2%2Fmedia&parent=23758"}],"wp:term":[{"taxonomy":"category","embeddable":true,"href":"https:\/\/archive.sana.sy\/es\/index.php?rest_route=%2Fwp%2Fv2%2Fcategories&post=23758"},{"taxonomy":"post_tag","embeddable":true,"href":"https:\/\/archive.sana.sy\/es\/index.php?rest_route=%2Fwp%2Fv2%2Ftags&post=23758"}],"curies":[{"name":"wp","href":"https:\/\/api.w.org\/{rel}","templated":true}]}}