{"id":23761,"date":"2015-05-23T14:45:01","date_gmt":"2015-05-23T11:45:01","guid":{"rendered":"http:\/\/www.sana.sy\/es\/?p=23761"},"modified":"2015-05-23T15:08:36","modified_gmt":"2015-05-23T12:08:36","slug":"fuerzas-israelies-ingresan-mantiene-su-apoyo-a-los-terroristas-heridos-en-el-territorio-sirio","status":"publish","type":"post","link":"https:\/\/archive.sana.sy\/es\/?p=23761","title":{"rendered":"Fuerzas israel\u00edes mantiene su apoyo a los terroristas heridos en el territorio sirio"},"content":{"rendered":"<p><span style=\"color: #800000\">Jerusal\u00e9n ocupada, SANA<\/span><\/p>\n<p>Las fuerzas del ocupante israel\u00ed trasladaron esta madrugada a otro terrorista herido de Siria a uno de sus hospitales cerca de Tiberias.<\/p>\n<p>Esta acci\u00f3n forma parte de su continuo apoyo a los terroristas del Frente de al-Nousra en la zona de separaci\u00f3n de fuerzas en el Gol\u00e1n sirio ocupado.<\/p>\n<p>En este contexto, el sitio web israel\u00ed \u201cWalla\u201d mencion\u00f3 que el herido tiene 27 a\u00f1os y fue ingresado en un centro m\u00e9dico cerca de Tiberias para recibir atenci\u00f3n m\u00e9dica.<\/p>\n<p>El sitio web a\u00f1adi\u00f3 que este centro ha concedido tratamiento m\u00e9dica a m\u00e1s de 174 terroristas heridos que hab\u00edan sido trasladados del territorio sirio.<\/p>\n<p>La prensa israel\u00ed ha estimado hace pocos d\u00edas en 1600 la cifra de los terroristas que recibieron tratamiento m\u00e9dico en los hospitales israel\u00edes despu\u00e9s de haber resultado heridos en enfrentamientos con el ej\u00e9rcito sirio.<\/p>\n<p>Lynn A.<\/p>\n","protected":false},"excerpt":{"rendered":"<p>Jerusal\u00e9n ocupada, SANA Las fuerzas del ocupante israel\u00ed trasladaron esta madrugada a otro terrorista herido de Siria a uno de sus hospitales cerca de Tiberias. Esta acci\u00f3n forma parte de su continuo apoyo a los terroristas del Frente de al-Nousra en la zona de separaci\u00f3n de fuerzas en el Gol\u00e1n sirio ocupado. En este contexto, &hellip;<\/p>\n","protected":false},"author":24,"featured_media":23762,"comment_status":"closed","ping_status":"closed","sticky":false,"template":"","format":"standard","meta":{"footnotes":""},"categories":[597,456,457,576],"tags":[5368],"class_list":["post-23761","post","type-post","status-publish","format-standard","has-post-thumbnail","","category-cinta-de-noticias","category-arabe-internacional-politica","category-noticias-arabe-internacional-politica","category-noticias-politicas","tag-fuerzas-israelies-mantiene-su-apoyo-a-los-terroristas-heridos-en-el-territorio-sirio"],"_links":{"self":[{"href":"https:\/\/archive.sana.sy\/es\/index.php?rest_route=\/wp\/v2\/posts\/23761"}],"collection":[{"href":"https:\/\/archive.sana.sy\/es\/index.php?rest_route=\/wp\/v2\/posts"}],"about":[{"href":"https:\/\/archive.sana.sy\/es\/index.php?rest_route=\/wp\/v2\/types\/post"}],"author":[{"embeddable":true,"href":"https:\/\/archive.sana.sy\/es\/index.php?rest_route=\/wp\/v2\/users\/24"}],"replies":[{"embeddable":true,"href":"https:\/\/archive.sana.sy\/es\/index.php?rest_route=%2Fwp%2Fv2%2Fcomments&post=23761"}],"version-history":[{"count":0,"href":"https:\/\/archive.sana.sy\/es\/index.php?rest_route=\/wp\/v2\/posts\/23761\/revisions"}],"wp:featuredmedia":[{"embeddable":true,"href":"https:\/\/archive.sana.sy\/es\/index.php?rest_route=\/wp\/v2\/media\/23762"}],"wp:attachment":[{"href":"https:\/\/archive.sana.sy\/es\/index.php?rest_route=%2Fwp%2Fv2%2Fmedia&parent=23761"}],"wp:term":[{"taxonomy":"category","embeddable":true,"href":"https:\/\/archive.sana.sy\/es\/index.php?rest_route=%2Fwp%2Fv2%2Fcategories&post=23761"},{"taxonomy":"post_tag","embeddable":true,"href":"https:\/\/archive.sana.sy\/es\/index.php?rest_route=%2Fwp%2Fv2%2Ftags&post=23761"}],"curies":[{"name":"wp","href":"https:\/\/api.w.org\/{rel}","templated":true}]}}