{"id":23765,"date":"2015-05-23T15:48:30","date_gmt":"2015-05-23T12:48:30","guid":{"rendered":"http:\/\/www.sana.sy\/es\/?p=23765"},"modified":"2015-05-23T15:48:30","modified_gmt":"2015-05-23T12:48:30","slug":"partido-al-baath-denuncia-energicamente-el-atentado-terrorista-de-al-qatif","status":"publish","type":"post","link":"https:\/\/archive.sana.sy\/es\/?p=23765","title":{"rendered":"Partido al-Baath denuncia en\u00e9rgicamente el atentado terrorista de Al Qatif"},"content":{"rendered":"<p><span style=\"color: #800000\">Damasco, SANA<\/span><\/p>\n<p>La Direcci\u00f3n Regional del Partido \u00c1rabe Socialista de al-Baath denunci\u00f3 en\u00e9rgicamente el atentado terrorista que se produjo ayer en el \u00e1rea de Al Qatif al este de Arabia Saudita.<\/p>\n<p>En un comunicado, el Partido al-Baath se\u00f1al\u00f3 que esta acci\u00f3n cobarde comprueba que hay v\u00ednculos entre el r\u00e9gimen saud\u00ed y el terrorismo takfiri, explicando que los residentes de la regi\u00f3n este de Arabia Saudita, especialmente el \u00e1rea de Al Qtef, han sido blanco de sistematizados ataques, despu\u00e9s de que esta \u00e1rea atestigu\u00f3 una movilizaci\u00f3n pac\u00edfica que fue afrontada con una suma barbarie por parte de las autoridades saud\u00edes, lo cual significa que el r\u00e9gimen saud\u00ed dio luz verde a los terroristas del Estado Isl\u00e1mico para que llevaran a cabo este acto terrorista.<\/p>\n<p>El Partido al-Baath enfatiz\u00f3 que estos atentados terroristas se repiten debido al ilimitado apoyo brindado a los terroristas por parte de las monarqu\u00edas del Golfo y Turqu\u00eda, y la inacci\u00f3n de las potencias mundiales y las organizaciones internacionales hacia tales acciones criminales.<\/p>\n<p>Asimismo llam\u00f3 a la creaci\u00f3n de un organismo internacional que incluye a los pa\u00edses influyentes, y se encabeza por aquellos que luchan contra las organizaciones terroristas para poner una estrategia internacional contra el terrorismo.<\/p>\n<p>El Partido concluy\u00f3 el comunicado haciendo hincapi\u00e9 en que Siria, tanto pueblo como liderazgo seguir\u00e1 luchando contra el terrorismo y sus patrocinadores hasta lograr la victoria.<\/p>\n<p>Lynn A.<\/p>\n","protected":false},"excerpt":{"rendered":"<p>Damasco, SANA La Direcci\u00f3n Regional del Partido \u00c1rabe Socialista de al-Baath denunci\u00f3 en\u00e9rgicamente el atentado terrorista que se produjo ayer en el \u00e1rea de Al Qatif al este de Arabia Saudita. En un comunicado, el Partido al-Baath se\u00f1al\u00f3 que esta acci\u00f3n cobarde comprueba que hay v\u00ednculos entre el r\u00e9gimen saud\u00ed y el terrorismo takfiri, explicando &hellip;<\/p>\n","protected":false},"author":24,"featured_media":23766,"comment_status":"closed","ping_status":"closed","sticky":false,"template":"","format":"standard","meta":{"footnotes":""},"categories":[477,476],"tags":[5369],"class_list":["post-23765","post","type-post","status-publish","format-standard","has-post-thumbnail","","category-noticias-edulcorantes","category-locales","tag-partido-al-baath-denuncia-energicamente-el-atentado-terrorista-de-al-qatif"],"_links":{"self":[{"href":"https:\/\/archive.sana.sy\/es\/index.php?rest_route=\/wp\/v2\/posts\/23765"}],"collection":[{"href":"https:\/\/archive.sana.sy\/es\/index.php?rest_route=\/wp\/v2\/posts"}],"about":[{"href":"https:\/\/archive.sana.sy\/es\/index.php?rest_route=\/wp\/v2\/types\/post"}],"author":[{"embeddable":true,"href":"https:\/\/archive.sana.sy\/es\/index.php?rest_route=\/wp\/v2\/users\/24"}],"replies":[{"embeddable":true,"href":"https:\/\/archive.sana.sy\/es\/index.php?rest_route=%2Fwp%2Fv2%2Fcomments&post=23765"}],"version-history":[{"count":0,"href":"https:\/\/archive.sana.sy\/es\/index.php?rest_route=\/wp\/v2\/posts\/23765\/revisions"}],"wp:featuredmedia":[{"embeddable":true,"href":"https:\/\/archive.sana.sy\/es\/index.php?rest_route=\/wp\/v2\/media\/23766"}],"wp:attachment":[{"href":"https:\/\/archive.sana.sy\/es\/index.php?rest_route=%2Fwp%2Fv2%2Fmedia&parent=23765"}],"wp:term":[{"taxonomy":"category","embeddable":true,"href":"https:\/\/archive.sana.sy\/es\/index.php?rest_route=%2Fwp%2Fv2%2Fcategories&post=23765"},{"taxonomy":"post_tag","embeddable":true,"href":"https:\/\/archive.sana.sy\/es\/index.php?rest_route=%2Fwp%2Fv2%2Ftags&post=23765"}],"curies":[{"name":"wp","href":"https:\/\/api.w.org\/{rel}","templated":true}]}}