{"id":23776,"date":"2015-05-23T17:21:11","date_gmt":"2015-05-23T14:21:11","guid":{"rendered":"http:\/\/www.sana.sy\/es\/?p=23776"},"modified":"2015-05-23T17:21:11","modified_gmt":"2015-05-23T14:21:11","slug":"acto-de-solidaridad-en-damasco-con-los-vecinos-de-al-foaa-y-kafraya-asediados-por-los-terroristas","status":"publish","type":"post","link":"https:\/\/archive.sana.sy\/es\/?p=23776","title":{"rendered":"Acto de solidaridad en Damasco con los vecinos de al-Foaa y Kafraya asediados por los terroristas"},"content":{"rendered":"<p><span style=\"color: #800000\">Damasco, SANA<\/span><\/p>\n<p>Numerosos sirios tomaron las calles de Damasco este s\u00e1bado para manifestar su solidaridad con los vecinos de los pueblos de al-Foaa y Kafraya en el campo de Idleb, asediados por las organizaciones terroristas.<\/p>\n<p>Este acto de solidaridad se celebr\u00f3 en la plaza de Rawda en la capital, y cont\u00f3 con una importante participaci\u00f3n popular, y de figuras pol\u00edticas y religiosas.<\/p>\n<div id='gallery-1' class='gallery galleryid-23776 gallery-columns-3 gallery-size-thumbnail'><figure class='gallery-item'>\n\t\t\t<div class='gallery-icon landscape'>\n\t\t\t\t<a href='https:\/\/archive.sana.sy\/es\/wp-content\/uploads\/2015\/05\/manifestacion-1.jpg'><img loading=\"lazy\" decoding=\"async\" width=\"150\" height=\"96\" src=\"https:\/\/archive.sana.sy\/es\/wp-content\/uploads\/2015\/05\/manifestacion-1-150x96.jpg\" class=\"attachment-thumbnail size-thumbnail\" alt=\"\" srcset=\"https:\/\/archive.sana.sy\/es\/wp-content\/uploads\/2015\/05\/manifestacion-1-150x96.jpg 150w, https:\/\/archive.sana.sy\/es\/wp-content\/uploads\/2015\/05\/manifestacion-1-300x193.jpg 300w, https:\/\/archive.sana.sy\/es\/wp-content\/uploads\/2015\/05\/manifestacion-1.jpg 500w\" sizes=\"(max-width: 150px) 100vw, 150px\" \/><\/a>\n\t\t\t<\/div><\/figure><figure class='gallery-item'>\n\t\t\t<div class='gallery-icon landscape'>\n\t\t\t\t<a href='https:\/\/archive.sana.sy\/es\/wp-content\/uploads\/2015\/05\/Foaa.jpg'><img loading=\"lazy\" decoding=\"async\" width=\"150\" height=\"80\" src=\"https:\/\/archive.sana.sy\/es\/wp-content\/uploads\/2015\/05\/Foaa-150x80.jpg\" class=\"attachment-thumbnail size-thumbnail\" alt=\"\" srcset=\"https:\/\/archive.sana.sy\/es\/wp-content\/uploads\/2015\/05\/Foaa-150x80.jpg 150w, https:\/\/archive.sana.sy\/es\/wp-content\/uploads\/2015\/05\/Foaa-300x160.jpg 300w, https:\/\/archive.sana.sy\/es\/wp-content\/uploads\/2015\/05\/Foaa.jpg 620w\" sizes=\"(max-width: 150px) 100vw, 150px\" \/><\/a>\n\t\t\t<\/div><\/figure><figure class='gallery-item'>\n\t\t\t<div class='gallery-icon landscape'>\n\t\t\t\t<a href='https:\/\/archive.sana.sy\/es\/wp-content\/uploads\/2015\/05\/manifestacion-3.jpg'><img loading=\"lazy\" decoding=\"async\" width=\"150\" height=\"97\" src=\"https:\/\/archive.sana.sy\/es\/wp-content\/uploads\/2015\/05\/manifestacion-3-150x97.jpg\" class=\"attachment-thumbnail size-thumbnail\" alt=\"\" srcset=\"https:\/\/archive.sana.sy\/es\/wp-content\/uploads\/2015\/05\/manifestacion-3-150x97.jpg 150w, https:\/\/archive.sana.sy\/es\/wp-content\/uploads\/2015\/05\/manifestacion-3-300x194.jpg 300w, https:\/\/archive.sana.sy\/es\/wp-content\/uploads\/2015\/05\/manifestacion-3.jpg 500w\" sizes=\"(max-width: 150px) 100vw, 150px\" \/><\/a>\n\t\t\t<\/div><\/figure>\n\t\t<\/div>\n\nLynn A.<\/p>\n","protected":false},"excerpt":{"rendered":"<p>Damasco, SANA Numerosos sirios tomaron las calles de Damasco este s\u00e1bado para manifestar su solidaridad con los vecinos de los pueblos de al-Foaa y Kafraya en el campo de Idleb, asediados por las organizaciones terroristas. Este acto de solidaridad se celebr\u00f3 en la plaza de Rawda en la capital, y cont\u00f3 con una importante participaci\u00f3n &hellip;<\/p>\n","protected":false},"author":24,"featured_media":23778,"comment_status":"closed","ping_status":"closed","sticky":false,"template":"","format":"standard","meta":{"footnotes":""},"categories":[477,476],"tags":[5371],"class_list":["post-23776","post","type-post","status-publish","format-standard","has-post-thumbnail","","category-noticias-edulcorantes","category-locales","tag-acto-de-solidaridad-en-damasco-con-los-vecinos-de-al-foaa-y-kafraya-asediados-por-los-terroristas"],"_links":{"self":[{"href":"https:\/\/archive.sana.sy\/es\/index.php?rest_route=\/wp\/v2\/posts\/23776"}],"collection":[{"href":"https:\/\/archive.sana.sy\/es\/index.php?rest_route=\/wp\/v2\/posts"}],"about":[{"href":"https:\/\/archive.sana.sy\/es\/index.php?rest_route=\/wp\/v2\/types\/post"}],"author":[{"embeddable":true,"href":"https:\/\/archive.sana.sy\/es\/index.php?rest_route=\/wp\/v2\/users\/24"}],"replies":[{"embeddable":true,"href":"https:\/\/archive.sana.sy\/es\/index.php?rest_route=%2Fwp%2Fv2%2Fcomments&post=23776"}],"version-history":[{"count":0,"href":"https:\/\/archive.sana.sy\/es\/index.php?rest_route=\/wp\/v2\/posts\/23776\/revisions"}],"wp:featuredmedia":[{"embeddable":true,"href":"https:\/\/archive.sana.sy\/es\/index.php?rest_route=\/wp\/v2\/media\/23778"}],"wp:attachment":[{"href":"https:\/\/archive.sana.sy\/es\/index.php?rest_route=%2Fwp%2Fv2%2Fmedia&parent=23776"}],"wp:term":[{"taxonomy":"category","embeddable":true,"href":"https:\/\/archive.sana.sy\/es\/index.php?rest_route=%2Fwp%2Fv2%2Fcategories&post=23776"},{"taxonomy":"post_tag","embeddable":true,"href":"https:\/\/archive.sana.sy\/es\/index.php?rest_route=%2Fwp%2Fv2%2Ftags&post=23776"}],"curies":[{"name":"wp","href":"https:\/\/api.w.org\/{rel}","templated":true}]}}