{"id":23783,"date":"2015-05-23T17:26:59","date_gmt":"2015-05-23T14:26:59","guid":{"rendered":"http:\/\/www.sana.sy\/es\/?p=23783"},"modified":"2023-01-09T14:10:08","modified_gmt":"2023-01-09T12:10:08","slug":"una-victima-mortal-y-al-menos-13-heridos-en-ataques-terroristas-contra-alepo","status":"publish","type":"post","link":"https:\/\/archive.sana.sy\/es\/?p=23783","title":{"rendered":"Una v\u00edctima mortal y al menos 13 heridos en ataques terroristas contra Alepo"},"content":{"rendered":"<p><span style=\"color: #800000\">Alepo, SANA<\/span><\/p>\n<p>Un ni\u00f1o perdi\u00f3 la vida y al menos 13 personas resultaron heridas este s\u00e1bado en ataques con mortero contra la ciudad de Alepo.<\/p>\n<p>Una fuente policial inform\u00f3 que terroristas atrincherados en el barrio de Bani Zaid dispararon hoy el s\u00e1bado proyectiles de mortero contra el barrio de al-Ashrafiye en la ciudad de Alepo, lo cual caus\u00f3 la muerte de un ni\u00f1o de siete a\u00f1os y heridas a 13 personas, entre ellos dos son de gravedad.<\/p>\n<p>El barrio de al-Ashrafia ha sido blanco de semejantes ataques, el \u00faltimo se produjo el pasado jueves, donde dos personas resultaron m\u00e1rtires tras un ataque con misiles.<\/p>\n<p>Cabe destacar que terroristas de la llamada \u201cBrigada de los M\u00e1rtires de Bader\u201d se despliegan en el barrio de Bani Zaid y reciben apoyo del r\u00e9gimen turco de Erdogan.<\/p>\n<p>Lynn A.<\/p>\n","protected":false},"excerpt":{"rendered":"<p>Alepo, SANA Un ni\u00f1o perdi\u00f3 la vida y al menos 13 personas resultaron heridas este s\u00e1bado en ataques con mortero contra la ciudad de Alepo. Una fuente policial inform\u00f3 que terroristas atrincherados en el barrio de Bani Zaid dispararon hoy el s\u00e1bado proyectiles de mortero contra el barrio de al-Ashrafiye en la ciudad de Alepo, &hellip;<\/p>\n","protected":false},"author":24,"featured_media":17691,"comment_status":"closed","ping_status":"closed","sticky":false,"template":"","format":"standard","meta":{"footnotes":""},"categories":[477,597,573,476],"tags":[5372],"class_list":["post-23783","post","type-post","status-publish","format-standard","has-post-thumbnail","","category-noticias-edulcorantes","category-cinta-de-noticias","category-la-realidad-de-los-acontecimientos-en-siria","category-locales","tag-una-victima-mortal-y-al-menos-13-heridos-en-ataques-terroristas-contra-alepo"],"_links":{"self":[{"href":"https:\/\/archive.sana.sy\/es\/index.php?rest_route=\/wp\/v2\/posts\/23783"}],"collection":[{"href":"https:\/\/archive.sana.sy\/es\/index.php?rest_route=\/wp\/v2\/posts"}],"about":[{"href":"https:\/\/archive.sana.sy\/es\/index.php?rest_route=\/wp\/v2\/types\/post"}],"author":[{"embeddable":true,"href":"https:\/\/archive.sana.sy\/es\/index.php?rest_route=\/wp\/v2\/users\/24"}],"replies":[{"embeddable":true,"href":"https:\/\/archive.sana.sy\/es\/index.php?rest_route=%2Fwp%2Fv2%2Fcomments&post=23783"}],"version-history":[{"count":0,"href":"https:\/\/archive.sana.sy\/es\/index.php?rest_route=\/wp\/v2\/posts\/23783\/revisions"}],"wp:featuredmedia":[{"embeddable":true,"href":"https:\/\/archive.sana.sy\/es\/index.php?rest_route=\/wp\/v2\/media\/17691"}],"wp:attachment":[{"href":"https:\/\/archive.sana.sy\/es\/index.php?rest_route=%2Fwp%2Fv2%2Fmedia&parent=23783"}],"wp:term":[{"taxonomy":"category","embeddable":true,"href":"https:\/\/archive.sana.sy\/es\/index.php?rest_route=%2Fwp%2Fv2%2Fcategories&post=23783"},{"taxonomy":"post_tag","embeddable":true,"href":"https:\/\/archive.sana.sy\/es\/index.php?rest_route=%2Fwp%2Fv2%2Ftags&post=23783"}],"curies":[{"name":"wp","href":"https:\/\/api.w.org\/{rel}","templated":true}]}}