{"id":23785,"date":"2015-05-23T17:32:02","date_gmt":"2015-05-23T14:32:02","guid":{"rendered":"http:\/\/www.sana.sy\/es\/?p=23785"},"modified":"2015-05-23T17:32:50","modified_gmt":"2015-05-23T14:32:50","slug":"siria-llama-la-oms-para-apoyar-el-sector-de-salud-afectado-por-el-bloqueo-economico","status":"publish","type":"post","link":"https:\/\/archive.sana.sy\/es\/?p=23785","title":{"rendered":"Siria llama la OMS para apoyar el sector de salud afectado por el bloqueo econ\u00f3mico"},"content":{"rendered":"<p><span style=\"color: #800000\">Ginebra, SANA<\/span><\/p>\n<p>El ministro de Salud, Nizar Yazayi pidi\u00f3 a la Organizaci\u00f3n Mundial de la Salud (OMS) que suministre el sector sanitario en Siria con medicamentos espec\u00edficos como los del tratamiento de c\u00e1ncer y algunas vacunas que no se producen localmente.<\/p>\n<p>Durante su reuni\u00f3n con la directora general de la OMS, Margaret Chan en la sede de las Naciones Unidas en Ginebra, el ministro sirio llam\u00f3 la organizaci\u00f3n internacional a enviar equipos m\u00e9dicos y sus repuestos a Siria, tomando en cuenta el injusto bloqueo econ\u00f3mico impuesto sobre el pueblo sirio.<\/p>\n<p>El titular de Salud se\u00f1al\u00f3 que pese a las duras condiciones que vive el pa\u00eds debido a las organizaciones terroristas, el gobierno sirio sigue prestando los servicios sanitarios a los ciudadanos sirios en todas las \u00e1reas.<\/p>\n<p>Asimismo aludi\u00f3 a la estabilidad de la situaci\u00f3n sanitaria en el pa\u00eds gracias a las medidas tomadas por el ministerio, aclarando que ning\u00fan caso epid\u00e9mico ha sido registrado durante el periodo pasado.<\/p>\n<p>Yazayi sostuvo que su ministerio asegur\u00f3 la llegada de las ayudas m\u00e9dicas a los establecimientos sanitarios en todas las zonas sirias.<\/p>\n<p>Esta reuni\u00f3n va al margen de las labores del 68 periodo de la Asamblea de la OMS que hab\u00edan iniciado el 18 del mes en curso en la sede de la ONU en Ginebra.<br \/>\nLynn A.<\/p>\n","protected":false},"excerpt":{"rendered":"<p>Ginebra, SANA El ministro de Salud, Nizar Yazayi pidi\u00f3 a la Organizaci\u00f3n Mundial de la Salud (OMS) que suministre el sector sanitario en Siria con medicamentos espec\u00edficos como los del tratamiento de c\u00e1ncer y algunas vacunas que no se producen localmente. Durante su reuni\u00f3n con la directora general de la OMS, Margaret Chan en la &hellip;<\/p>\n","protected":false},"author":24,"featured_media":23786,"comment_status":"closed","ping_status":"closed","sticky":false,"template":"","format":"standard","meta":{"footnotes":""},"categories":[456,457,576],"tags":[5373],"class_list":["post-23785","post","type-post","status-publish","format-standard","has-post-thumbnail","","category-arabe-internacional-politica","category-noticias-arabe-internacional-politica","category-noticias-politicas","tag-siria-llama-la-oms-para-suministrar-medicamentos-que-no-se-producen-localmente"],"_links":{"self":[{"href":"https:\/\/archive.sana.sy\/es\/index.php?rest_route=\/wp\/v2\/posts\/23785"}],"collection":[{"href":"https:\/\/archive.sana.sy\/es\/index.php?rest_route=\/wp\/v2\/posts"}],"about":[{"href":"https:\/\/archive.sana.sy\/es\/index.php?rest_route=\/wp\/v2\/types\/post"}],"author":[{"embeddable":true,"href":"https:\/\/archive.sana.sy\/es\/index.php?rest_route=\/wp\/v2\/users\/24"}],"replies":[{"embeddable":true,"href":"https:\/\/archive.sana.sy\/es\/index.php?rest_route=%2Fwp%2Fv2%2Fcomments&post=23785"}],"version-history":[{"count":0,"href":"https:\/\/archive.sana.sy\/es\/index.php?rest_route=\/wp\/v2\/posts\/23785\/revisions"}],"wp:featuredmedia":[{"embeddable":true,"href":"https:\/\/archive.sana.sy\/es\/index.php?rest_route=\/wp\/v2\/media\/23786"}],"wp:attachment":[{"href":"https:\/\/archive.sana.sy\/es\/index.php?rest_route=%2Fwp%2Fv2%2Fmedia&parent=23785"}],"wp:term":[{"taxonomy":"category","embeddable":true,"href":"https:\/\/archive.sana.sy\/es\/index.php?rest_route=%2Fwp%2Fv2%2Fcategories&post=23785"},{"taxonomy":"post_tag","embeddable":true,"href":"https:\/\/archive.sana.sy\/es\/index.php?rest_route=%2Fwp%2Fv2%2Ftags&post=23785"}],"curies":[{"name":"wp","href":"https:\/\/api.w.org\/{rel}","templated":true}]}}