{"id":23791,"date":"2015-05-23T20:25:27","date_gmt":"2015-05-23T17:25:27","guid":{"rendered":"http:\/\/sana.sy\/es\/?p=23791"},"modified":"2015-05-23T20:25:42","modified_gmt":"2015-05-23T17:25:42","slug":"la-aviacion-saudi-sigue-atacando-yemen-aumentando-la-cifra-de-victimas-civiles","status":"publish","type":"post","link":"https:\/\/archive.sana.sy\/es\/?p=23791","title":{"rendered":"La aviaci\u00f3n saud\u00ed sigue atacando Yemen; aumentando la cifra de v\u00edctimas civiles"},"content":{"rendered":"<p><span style=\"color: #800000\">San\u00e1-SANA<\/span><\/p>\n<p style=\"text-align: justify\">Varias explosiones se han registrado este s\u00e1bado en Yemen, provocadas por los ataques a\u00e9reos de Arabia Saud\u00ed, seg\u00fan informan fuentes locales.<\/p>\n<p style=\"text-align: justify\">De acuerdo con la agencia de noticias Saba, la aviaci\u00f3n militar saud\u00ed han atacado una mezquita y una gasolinera, en la provincia de Amaran, lo caus\u00f3 heridas a varias personas y grandes p\u00e9rdidas materiales.<\/p>\n<p style=\"text-align: justify\">Arabia Saudita comenz\u00f3 su agresi\u00f3n militar contra Yemen el 26 de marzo \u2013 sin un mandato de las Naciones Unidas \u2013 en un intento de socavar al movimiento popular yemen\u00ed houthi, y para restaurar en el gobierno al pr\u00f3fugo ex presidente de Yemen, Abd Rabbuh Mansour Hadi, aliado de la monarqu\u00eda saudita.<\/p>\n<p style=\"text-align: justify\">Seg\u00fan las \u00faltimas cifras de la ONU, la agresi\u00f3n militar saud\u00ed se ha cobrado hasta ahora la vida de m\u00e1s de 1.850 personas, y cerca de 7.394 personas resultaron heridas, adem\u00e1s de medio mill\u00f3n de desplazados.<\/p>\n<p>M.Miri<\/p>\n","protected":false},"excerpt":{"rendered":"<p>San\u00e1-SANA Varias explosiones se han registrado este s\u00e1bado en Yemen, provocadas por los ataques a\u00e9reos de Arabia Saud\u00ed, seg\u00fan informan fuentes locales. De acuerdo con la agencia de noticias Saba, la aviaci\u00f3n militar saud\u00ed han atacado una mezquita y una gasolinera, en la provincia de Amaran, lo caus\u00f3 heridas a varias personas y grandes p\u00e9rdidas &hellip;<\/p>\n","protected":false},"author":1,"featured_media":22309,"comment_status":"closed","ping_status":"closed","sticky":false,"template":"","format":"standard","meta":{"footnotes":""},"categories":[456,457,576],"tags":[5374],"class_list":["post-23791","post","type-post","status-publish","format-standard","has-post-thumbnail","","category-arabe-internacional-politica","category-noticias-arabe-internacional-politica","category-noticias-politicas","tag-la-aviacion-saudi-sigue-atacando-yemen-aumentando-la-cifra-de-victimas-civiles"],"_links":{"self":[{"href":"https:\/\/archive.sana.sy\/es\/index.php?rest_route=\/wp\/v2\/posts\/23791"}],"collection":[{"href":"https:\/\/archive.sana.sy\/es\/index.php?rest_route=\/wp\/v2\/posts"}],"about":[{"href":"https:\/\/archive.sana.sy\/es\/index.php?rest_route=\/wp\/v2\/types\/post"}],"author":[{"embeddable":true,"href":"https:\/\/archive.sana.sy\/es\/index.php?rest_route=\/wp\/v2\/users\/1"}],"replies":[{"embeddable":true,"href":"https:\/\/archive.sana.sy\/es\/index.php?rest_route=%2Fwp%2Fv2%2Fcomments&post=23791"}],"version-history":[{"count":0,"href":"https:\/\/archive.sana.sy\/es\/index.php?rest_route=\/wp\/v2\/posts\/23791\/revisions"}],"wp:featuredmedia":[{"embeddable":true,"href":"https:\/\/archive.sana.sy\/es\/index.php?rest_route=\/wp\/v2\/media\/22309"}],"wp:attachment":[{"href":"https:\/\/archive.sana.sy\/es\/index.php?rest_route=%2Fwp%2Fv2%2Fmedia&parent=23791"}],"wp:term":[{"taxonomy":"category","embeddable":true,"href":"https:\/\/archive.sana.sy\/es\/index.php?rest_route=%2Fwp%2Fv2%2Fcategories&post=23791"},{"taxonomy":"post_tag","embeddable":true,"href":"https:\/\/archive.sana.sy\/es\/index.php?rest_route=%2Fwp%2Fv2%2Ftags&post=23791"}],"curies":[{"name":"wp","href":"https:\/\/api.w.org\/{rel}","templated":true}]}}