{"id":23813,"date":"2015-05-25T11:33:12","date_gmt":"2015-05-25T08:33:12","guid":{"rendered":"http:\/\/sana.sy\/es\/?p=23813"},"modified":"2015-05-25T13:01:47","modified_gmt":"2015-05-25T10:01:47","slug":"ejercito-elimina-a-numerosos-terroristas-en-deraa-y-aniquila-sus-escondites-en-damasco-campo","status":"publish","type":"post","link":"https:\/\/archive.sana.sy\/es\/?p=23813","title":{"rendered":"Fuerza A\u00e9rea Siria inflige centenares de bajas y heridos en las filas del Frente de al-Nousra en Yisr Al Shughour"},"content":{"rendered":"<p><span style=\"color: #800000\">Provincias, SANA<\/span><\/p>\n<p>Unidades de las fuerzas armadas continuaron sus operativos contra refugios de armados y les infligieron fuertes p\u00e9rdidas en sus herramientas y vidas en varias zonas del territorio nacional.<\/p>\n<p><span style=\"color: #0000ff\">Deraa<\/span><\/p>\n<p>En Deraa, las unidades castrenses asestaron duros golpes a refugios de organizaciones terroristas en los pueblos de al-Kark al-Sharki, al-Ghariya al-Gharbiya y en las localidades de al-Hrak y Nahta en el campo noreste de la provincia sure\u00f1a.<br \/>\nEn estos operativos, los terroristas sufrieron numerosas bajas y perdieron varios veh\u00edculos artillados.<\/p>\n<p>Asimismo, terroristas del Frente de al-Nousra fueron aniquilados junto con veh\u00edculos artillados suyos en operativos del ej\u00e9rcito al norte de las granjas de al-Ghezlan y la ciudad de Jassem en el campo norte\u00f1o de Deraa.<\/p>\n<p>En el campo noroeste de la provincia, las FFAA dejaron muertos o heridos a terroristas al sur de la localidad de Kafar Shams.<\/p>\n<p>A todo ello, las organizaciones terroristas admitieron por sus p\u00e1ginas web la muerte de Arafat al-Qadiri, uno de los cabecillas de la llamada \u201cBrigada de los M\u00e1rtires de al-Yarmouk\u201d, y el terrorista Raafat Raya Mohammad al-Sari afectado por sus heridas en uno de los hospitales del r\u00e9gimen jordano.<\/p>\n<p><span style=\"color: #0000ff\">Damasco campo<\/span><\/p>\n<p>Una fuente militar inform\u00f3 que una unidad del ej\u00e9rcito destruy\u00f3\u00a0 un refugio de los militantes afiliados al Frente Nousra en los alrededores del pueblo Sasaa en el campo suroeste de Damasco.<\/p>\n<p>Asimismo, una unidad del ej\u00e9rcito, en cooperaci\u00f3n con las fuerzas de la resistencia libanesa hall\u00f3 una f\u00e1brica de artefactos explosivos y proyectiles en los cerros de Fleita en el \u00e1rea de Qalamun en Damasco-campo.<\/p>\n<p>Una fuente inform\u00f3 que la f\u00e1brica fue detectada dentro de un refugio de terroristas al oeste de la colina de Sader al-Bustan que divisa los cerros pelados de la localidad libanesa de Ersal.<\/p>\n<p>Asimismo a\u00f1adi\u00f3 que los artefactos explosivos hallados en la f\u00e1brica estaban rellanos de sustancia explosiva de alto poder destructivo, agregando que los zapadores lograron explosionarlos con \u00e9xito sin causar da\u00f1os.<\/p>\n<p>Es de se\u00f1alar que unidades castrenses en colaboraci\u00f3n con la resistencia libanesa hab\u00edan retomado el control ayer de la colina de Sader al-Bustan situada al norte del monte \u201cTaleet Musa\u201d, la cual da a los cerros de Fleita y al-Yarayir en el lado sirio, y la mayor\u00eda de los cerros de Ersal en el lado liban\u00e9s.<\/p>\n<p><span style=\"color: #0000ff\">Quneitra<\/span><\/p>\n<p>Una fuente militar inform\u00f3 que una unidad de las fuerzas armadas arras\u00f3 con varios refugios de terroristas del Frente Al-Nusra en el poblado de Samdanieh y Um Batina, en la campi\u00f1a de la provincia, dejando bajas y heridos en sus filas, adem\u00e1s de destruir sus armamentos y municiones.<\/p>\n<p>Mientras en el poblado de Mshierafeh, la fuente dijo que operativos del ej\u00e9rcito terminaron con la muerte o herida de varios terroristas y la destrucci\u00f3n de sus pertrechos b\u00e9licos.<\/p>\n<p><span style=\"color: #0000ff\">Homs<\/span><\/p>\n<p>En la ciudad de Homs, una unidad castrense choc\u00f3 con terroristas del Frente de al-Nousra y los llamados \u201cFailak Homs\u201d y \u201cMovimiento Isl\u00e1mico de Shaam\u201d en los extremos del barrio de al-Waer, asediado por los terroristas.<\/p>\n<p>En este operativo, numerosos terroristas resultaron muertos y heridos, seg\u00fan inform\u00f3 una fuente militar.<\/p>\n<p>En el campo norte de la provincia, las FFAA asestaron duros golpes a concentraciones de terroristas en la colina de Abou al-Sanabel y cerca del pueblo de Um Sharshouh.<\/p>\n<p><span style=\"color: #0000ff\">Idleb<\/span><\/p>\n<p>Asimismo, m\u00e1s de 300 muertos y decenas de heridos entre las filas del Frente de al-Nousra, tras golpes a\u00e9reos realizados por la Fuerza A\u00e9rea siria para romper el cerco impuesto sobre el Hospital de Yisr Al Shughour.<\/p>\n<p><span style=\"color: #0000ff\">Alepo<\/span><\/p>\n<p>Una fuente militar inform\u00f3 que un helic\u00f3ptero se estrell\u00f3 este domingo mientras despegaba del aeropuerto de Queires en Alepo a causa de problemas t\u00e9cnicos lo que caus\u00f3 la muerte de su tripulaci\u00f3n.<\/p>\n<p>Hala B., Riyad Sh., Lynn A.-Y.K.<\/p>\n","protected":false},"excerpt":{"rendered":"<p>Provincias, SANA Unidades de las fuerzas armadas continuaron sus operativos contra refugios de armados y les infligieron fuertes p\u00e9rdidas en sus herramientas y vidas en varias zonas del territorio nacional. Deraa En Deraa, las unidades castrenses asestaron duros golpes a refugios de organizaciones terroristas en los pueblos de al-Kark al-Sharki, al-Ghariya al-Gharbiya y en las &hellip;<\/p>\n","protected":false},"author":1,"featured_media":23814,"comment_status":"closed","ping_status":"closed","sticky":false,"template":"","format":"standard","meta":{"footnotes":""},"categories":[573],"tags":[5388],"class_list":["post-23813","post","type-post","status-publish","format-standard","has-post-thumbnail","","category-la-realidad-de-los-acontecimientos-en-siria","tag-fuerza-aerea-siria-inflige-centenares-de-bajas-y-heridos-en-las-filas-del-frente-de-al-nousra-en-yisr-al-shughour"],"_links":{"self":[{"href":"https:\/\/archive.sana.sy\/es\/index.php?rest_route=\/wp\/v2\/posts\/23813"}],"collection":[{"href":"https:\/\/archive.sana.sy\/es\/index.php?rest_route=\/wp\/v2\/posts"}],"about":[{"href":"https:\/\/archive.sana.sy\/es\/index.php?rest_route=\/wp\/v2\/types\/post"}],"author":[{"embeddable":true,"href":"https:\/\/archive.sana.sy\/es\/index.php?rest_route=\/wp\/v2\/users\/1"}],"replies":[{"embeddable":true,"href":"https:\/\/archive.sana.sy\/es\/index.php?rest_route=%2Fwp%2Fv2%2Fcomments&post=23813"}],"version-history":[{"count":0,"href":"https:\/\/archive.sana.sy\/es\/index.php?rest_route=\/wp\/v2\/posts\/23813\/revisions"}],"wp:featuredmedia":[{"embeddable":true,"href":"https:\/\/archive.sana.sy\/es\/index.php?rest_route=\/wp\/v2\/media\/23814"}],"wp:attachment":[{"href":"https:\/\/archive.sana.sy\/es\/index.php?rest_route=%2Fwp%2Fv2%2Fmedia&parent=23813"}],"wp:term":[{"taxonomy":"category","embeddable":true,"href":"https:\/\/archive.sana.sy\/es\/index.php?rest_route=%2Fwp%2Fv2%2Fcategories&post=23813"},{"taxonomy":"post_tag","embeddable":true,"href":"https:\/\/archive.sana.sy\/es\/index.php?rest_route=%2Fwp%2Fv2%2Ftags&post=23813"}],"curies":[{"name":"wp","href":"https:\/\/api.w.org\/{rel}","templated":true}]}}