{"id":23816,"date":"2015-05-24T13:46:54","date_gmt":"2015-05-24T10:46:54","guid":{"rendered":"http:\/\/sana.sy\/es\/?p=23816"},"modified":"2015-05-24T13:46:54","modified_gmt":"2015-05-24T10:46:54","slug":"dos-civiles-resultaron-heridos-tras-ataque-terrorista-contra-el-barrio-al-tijara-en-damasco","status":"publish","type":"post","link":"https:\/\/archive.sana.sy\/es\/?p=23816","title":{"rendered":"Dos civiles resultaron heridos tras ataque terrorista contra el Barrio Al Tijara en Damasco"},"content":{"rendered":"<p><span style=\"color: #800000\">Damasco, SANA<\/span><\/p>\n<p>Un atentado terrorista con un artefacto expulsivo contra el barrio Al Tijara dej\u00f3 dos heridos.<\/p>\n<p>Una fuente policial inform\u00f3 que los terroristas hicieron estallar un artefacto explosivo en un veh\u00edculo cerca de la escuela Ghassan Aboud en el barrio de Tijara lo que dej\u00f3 dos heridos y da\u00f1os materiales en le lugar.<br \/>\nHala B., Riyad Sh.<\/p>\n","protected":false},"excerpt":{"rendered":"<p>Damasco, SANA Un atentado terrorista con un artefacto expulsivo contra el barrio Al Tijara dej\u00f3 dos heridos. Una fuente policial inform\u00f3 que los terroristas hicieron estallar un artefacto explosivo en un veh\u00edculo cerca de la escuela Ghassan Aboud en el barrio de Tijara lo que dej\u00f3 dos heridos y da\u00f1os materiales en le lugar. Hala &hellip;<\/p>\n","protected":false},"author":1,"featured_media":23817,"comment_status":"closed","ping_status":"closed","sticky":false,"template":"","format":"standard","meta":{"footnotes":""},"categories":[477,597,573,476],"tags":[5380],"class_list":["post-23816","post","type-post","status-publish","format-standard","has-post-thumbnail","","category-noticias-edulcorantes","category-cinta-de-noticias","category-la-realidad-de-los-acontecimientos-en-siria","category-locales","tag-dos-civiles-resultaron-heridos-tras-ataque-terrorista-contra-el-barrio-al-tijara-en-damasco"],"_links":{"self":[{"href":"https:\/\/archive.sana.sy\/es\/index.php?rest_route=\/wp\/v2\/posts\/23816"}],"collection":[{"href":"https:\/\/archive.sana.sy\/es\/index.php?rest_route=\/wp\/v2\/posts"}],"about":[{"href":"https:\/\/archive.sana.sy\/es\/index.php?rest_route=\/wp\/v2\/types\/post"}],"author":[{"embeddable":true,"href":"https:\/\/archive.sana.sy\/es\/index.php?rest_route=\/wp\/v2\/users\/1"}],"replies":[{"embeddable":true,"href":"https:\/\/archive.sana.sy\/es\/index.php?rest_route=%2Fwp%2Fv2%2Fcomments&post=23816"}],"version-history":[{"count":0,"href":"https:\/\/archive.sana.sy\/es\/index.php?rest_route=\/wp\/v2\/posts\/23816\/revisions"}],"wp:featuredmedia":[{"embeddable":true,"href":"https:\/\/archive.sana.sy\/es\/index.php?rest_route=\/wp\/v2\/media\/23817"}],"wp:attachment":[{"href":"https:\/\/archive.sana.sy\/es\/index.php?rest_route=%2Fwp%2Fv2%2Fmedia&parent=23816"}],"wp:term":[{"taxonomy":"category","embeddable":true,"href":"https:\/\/archive.sana.sy\/es\/index.php?rest_route=%2Fwp%2Fv2%2Fcategories&post=23816"},{"taxonomy":"post_tag","embeddable":true,"href":"https:\/\/archive.sana.sy\/es\/index.php?rest_route=%2Fwp%2Fv2%2Ftags&post=23816"}],"curies":[{"name":"wp","href":"https:\/\/api.w.org\/{rel}","templated":true}]}}