{"id":23824,"date":"2015-05-24T17:18:19","date_gmt":"2015-05-24T14:18:19","guid":{"rendered":"http:\/\/www.sana.sy\/es\/?p=23824"},"modified":"2023-01-09T14:10:08","modified_gmt":"2023-01-09T12:10:08","slug":"terroristas-del-el-masacran-a-decenas-de-vecinos-de-palmira","status":"publish","type":"post","link":"https:\/\/archive.sana.sy\/es\/?p=23824","title":{"rendered":"Terroristas del El masacran a decenas de vecinos de Palmira"},"content":{"rendered":"<p><span style=\"color: #800000\">Homs, SANA<\/span><\/p>\n<p>Fuentes extraoficiales informaron este domingo desde la ciudad de Palmira\u00a0\u00a0que 400 habitantes de esta\u00a0ciudad fueron masacrados a manos de los terroristas del Estado Isl\u00e1mico.<\/p>\n<p>Los terroristas ejecutaron a los desarmados civiles, mayoritariamente ni\u00f1os, mujeres y ancianos, y luego procedieron a mutilar sus cuerpos bajo el pretexto de tratar con el Estado y no sujetarse a sus \u00f3rdenes.<\/p>\n<p>Decenas de las v\u00edctimas de esta organizaci\u00f3n extremista eran empleados estatales, un ejemplo de los mismos, la jefa del Departamento de Enfermer\u00eda en el Hospital Nacional de Palmira quien fue masacrada junto con todos los miembros de su familia, acusada de trabajar a favor de un organismo dependiente del Estado.<\/p>\n<p>Las fuentes se\u00f1alaron que los terroristas del EI impiden a miles de civiles de salir de la ciudad de Palmira, y proceden a confiscar sus bienes e imponer su ideolog\u00eda extremista oscurantista.<\/p>\n<p>Cabe se\u00f1alar que los criminales del EI hab\u00edan cometido durante el mes en curso una masacre escalofriante contra los poblados de al-Amiriya en el campo este de Palmira, la cual se cobr\u00f3 la vida de m\u00e1s de 30 personas en medio de un vergonzoso silencio por parte de la comunidad internacional, puesto que el Consejo de Seguridad Internacional se limit\u00f3 a expresar su preocupaci\u00f3n por el destino de los habitantes de la ciudad antigua de Palmira despu\u00e9s de ser tomada por los mercenarios del EI.<\/p>\n<p><span style=\"color: #0000ff\">Primer Ministro denuncia en\u00e9rgicamente la masacre de Palmira<\/span><\/p>\n<p>En este contexto, el primer ministro, Wael al-Halqui denunci\u00f3 esta escalofriante masacre, responsabilizando a los pa\u00edses patrocinadores del terrorismo, encabezados por Arabia Saudita, Qatar y Turqu\u00eda junto con algunos pa\u00edses occidentales de este crimen.<\/p>\n<p>El Primer Ministro exigi\u00f3 a la comunidad internacional y las organizaciones humanitarias que ejerzan presi\u00f3n sobre los gobiernos pro terrorismo.<\/p>\n<p>Asimismo renov\u00f3 su confianza en la capacidad del ej\u00e9rcito sirio, las fuerzas de seguridad interna, y de todos los sirios de limpiar Siria del terrorismo.<\/p>\n<p>&nbsp;<\/p>\n<p>Lynn A., Riyad Sh.<\/p>\n","protected":false},"excerpt":{"rendered":"<p>Homs, SANA Fuentes extraoficiales informaron este domingo desde la ciudad de Palmira\u00a0\u00a0que 400 habitantes de esta\u00a0ciudad fueron masacrados a manos de los terroristas del Estado Isl\u00e1mico. Los terroristas ejecutaron a los desarmados civiles, mayoritariamente ni\u00f1os, mujeres y ancianos, y luego procedieron a mutilar sus cuerpos bajo el pretexto de tratar con el Estado y no &hellip;<\/p>\n","protected":false},"author":24,"featured_media":23863,"comment_status":"closed","ping_status":"closed","sticky":false,"template":"","format":"standard","meta":{"footnotes":""},"categories":[573,476],"tags":[5382],"class_list":["post-23824","post","type-post","status-publish","format-standard","has-post-thumbnail","","category-la-realidad-de-los-acontecimientos-en-siria","category-locales","tag-terroristas-del-el-masacran-a-decenas-de-vecinos-de-palmira"],"_links":{"self":[{"href":"https:\/\/archive.sana.sy\/es\/index.php?rest_route=\/wp\/v2\/posts\/23824"}],"collection":[{"href":"https:\/\/archive.sana.sy\/es\/index.php?rest_route=\/wp\/v2\/posts"}],"about":[{"href":"https:\/\/archive.sana.sy\/es\/index.php?rest_route=\/wp\/v2\/types\/post"}],"author":[{"embeddable":true,"href":"https:\/\/archive.sana.sy\/es\/index.php?rest_route=\/wp\/v2\/users\/24"}],"replies":[{"embeddable":true,"href":"https:\/\/archive.sana.sy\/es\/index.php?rest_route=%2Fwp%2Fv2%2Fcomments&post=23824"}],"version-history":[{"count":0,"href":"https:\/\/archive.sana.sy\/es\/index.php?rest_route=\/wp\/v2\/posts\/23824\/revisions"}],"wp:featuredmedia":[{"embeddable":true,"href":"https:\/\/archive.sana.sy\/es\/index.php?rest_route=\/wp\/v2\/media\/23863"}],"wp:attachment":[{"href":"https:\/\/archive.sana.sy\/es\/index.php?rest_route=%2Fwp%2Fv2%2Fmedia&parent=23824"}],"wp:term":[{"taxonomy":"category","embeddable":true,"href":"https:\/\/archive.sana.sy\/es\/index.php?rest_route=%2Fwp%2Fv2%2Fcategories&post=23824"},{"taxonomy":"post_tag","embeddable":true,"href":"https:\/\/archive.sana.sy\/es\/index.php?rest_route=%2Fwp%2Fv2%2Ftags&post=23824"}],"curies":[{"name":"wp","href":"https:\/\/api.w.org\/{rel}","templated":true}]}}