{"id":23835,"date":"2015-05-24T15:51:06","date_gmt":"2015-05-24T12:51:06","guid":{"rendered":"http:\/\/www.sana.sy\/es\/?p=23835"},"modified":"2015-05-24T15:51:06","modified_gmt":"2015-05-24T12:51:06","slug":"una-sentada-frente-al-parlamento-europeo-para-denunciar-el-apoyo-brindado-por-occidente-a-los-terroristas","status":"publish","type":"post","link":"https:\/\/archive.sana.sy\/es\/?p=23835","title":{"rendered":"Una sentada frente al Parlamento Europeo para denunciar el apoyo brindado por Occidente a los terroristas"},"content":{"rendered":"<p><span style=\"color: #800000\">Bruselas, SANA<\/span><br \/>\nGrupos de asociaciones \u00e1rabes y francesas organizaron una sentada frente al Parlamento Europeo en la capital belga Bruselas para denunciar el apoyo brindado por algunos pa\u00edses, encabezados por Francia y Arabia Saudita a los terroristas.<\/p>\n<p>Los protagonistas del acto exigieron a la comunidad internacional que reaccione para salvaguardar el patrimonio hist\u00f3rico y cultural de algunos pa\u00edses \u00e1rabes como Siria e Yemen de las barbaridades de los terroristas.<\/p>\n<p>Asimismo exhortaron a los pa\u00edses europeos y \u00e1rabes a que detengan su apoyo a los terroristas que cometen las m\u00e1s horribles masacres contra los pueblos de la regi\u00f3n.<\/p>\n<p>Entre los grupos que participaron en la sentada se destacan, la \u201cUni\u00f3n de los Emigrantes por Siria\u201d, \u201cla Huella de los J\u00f3venes de Siria\u201d en Holanda, la Uni\u00f3n de los J\u00f3venes \u00c1rabes, la Asociaci\u00f3n de Defensa de Yemen, el Movimiento Tunecino del Pueblo, y la Academia Geopol\u00edtica francesa.<\/p>\n<div id='gallery-1' class='gallery galleryid-23835 gallery-columns-3 gallery-size-thumbnail'><figure class='gallery-item'>\n\t\t\t<div class='gallery-icon landscape'>\n\t\t\t\t<a href='https:\/\/archive.sana.sy\/es\/wp-content\/uploads\/2015\/05\/sentada-4.jpg'><img loading=\"lazy\" decoding=\"async\" width=\"150\" height=\"102\" src=\"https:\/\/archive.sana.sy\/es\/wp-content\/uploads\/2015\/05\/sentada-4-150x102.jpg\" class=\"attachment-thumbnail size-thumbnail\" alt=\"\" srcset=\"https:\/\/archive.sana.sy\/es\/wp-content\/uploads\/2015\/05\/sentada-4-150x102.jpg 150w, https:\/\/archive.sana.sy\/es\/wp-content\/uploads\/2015\/05\/sentada-4-300x203.jpg 300w, https:\/\/archive.sana.sy\/es\/wp-content\/uploads\/2015\/05\/sentada-4-1024x693.jpg 1024w\" sizes=\"(max-width: 150px) 100vw, 150px\" \/><\/a>\n\t\t\t<\/div><\/figure><figure class='gallery-item'>\n\t\t\t<div class='gallery-icon landscape'>\n\t\t\t\t<a href='https:\/\/archive.sana.sy\/es\/wp-content\/uploads\/2015\/05\/sentada-3.jpg'><img loading=\"lazy\" decoding=\"async\" width=\"150\" height=\"105\" src=\"https:\/\/archive.sana.sy\/es\/wp-content\/uploads\/2015\/05\/sentada-3-150x105.jpg\" class=\"attachment-thumbnail size-thumbnail\" alt=\"\" srcset=\"https:\/\/archive.sana.sy\/es\/wp-content\/uploads\/2015\/05\/sentada-3-150x105.jpg 150w, https:\/\/archive.sana.sy\/es\/wp-content\/uploads\/2015\/05\/sentada-3-300x210.jpg 300w, https:\/\/archive.sana.sy\/es\/wp-content\/uploads\/2015\/05\/sentada-3-1024x717.jpg 1024w\" sizes=\"(max-width: 150px) 100vw, 150px\" \/><\/a>\n\t\t\t<\/div><\/figure>\n\t\t<\/div>\n\n<p>Lynn A., Riyad Sh.<\/p>\n","protected":false},"excerpt":{"rendered":"<p>Bruselas, SANA Grupos de asociaciones \u00e1rabes y francesas organizaron una sentada frente al Parlamento Europeo en la capital belga Bruselas para denunciar el apoyo brindado por algunos pa\u00edses, encabezados por Francia y Arabia Saudita a los terroristas. Los protagonistas del acto exigieron a la comunidad internacional que reaccione para salvaguardar el patrimonio hist\u00f3rico y cultural &hellip;<\/p>\n","protected":false},"author":24,"featured_media":23837,"comment_status":"closed","ping_status":"closed","sticky":false,"template":"","format":"standard","meta":{"footnotes":""},"categories":[576],"tags":[5384],"class_list":["post-23835","post","type-post","status-publish","format-standard","has-post-thumbnail","","category-noticias-politicas","tag-una-sentada-frente-al-parlamento-europeo-para-denunciar-el-apoyo-brindado-por-occidente-a-los-terroristas"],"_links":{"self":[{"href":"https:\/\/archive.sana.sy\/es\/index.php?rest_route=\/wp\/v2\/posts\/23835"}],"collection":[{"href":"https:\/\/archive.sana.sy\/es\/index.php?rest_route=\/wp\/v2\/posts"}],"about":[{"href":"https:\/\/archive.sana.sy\/es\/index.php?rest_route=\/wp\/v2\/types\/post"}],"author":[{"embeddable":true,"href":"https:\/\/archive.sana.sy\/es\/index.php?rest_route=\/wp\/v2\/users\/24"}],"replies":[{"embeddable":true,"href":"https:\/\/archive.sana.sy\/es\/index.php?rest_route=%2Fwp%2Fv2%2Fcomments&post=23835"}],"version-history":[{"count":0,"href":"https:\/\/archive.sana.sy\/es\/index.php?rest_route=\/wp\/v2\/posts\/23835\/revisions"}],"wp:featuredmedia":[{"embeddable":true,"href":"https:\/\/archive.sana.sy\/es\/index.php?rest_route=\/wp\/v2\/media\/23837"}],"wp:attachment":[{"href":"https:\/\/archive.sana.sy\/es\/index.php?rest_route=%2Fwp%2Fv2%2Fmedia&parent=23835"}],"wp:term":[{"taxonomy":"category","embeddable":true,"href":"https:\/\/archive.sana.sy\/es\/index.php?rest_route=%2Fwp%2Fv2%2Fcategories&post=23835"},{"taxonomy":"post_tag","embeddable":true,"href":"https:\/\/archive.sana.sy\/es\/index.php?rest_route=%2Fwp%2Fv2%2Ftags&post=23835"}],"curies":[{"name":"wp","href":"https:\/\/api.w.org\/{rel}","templated":true}]}}