{"id":238434,"date":"2022-06-12T18:47:10","date_gmt":"2022-06-12T15:47:10","guid":{"rendered":"http:\/\/107.6.182.27\/es\/?p=238434"},"modified":"2022-06-12T19:56:56","modified_gmt":"2022-06-12T16:56:56","slug":"se-trabaja-las-24-horas-para-reparar-los-danos-en-el-aeropuerto-internacional-de-damasco-fotos","status":"publish","type":"post","link":"https:\/\/archive.sana.sy\/es\/?p=238434","title":{"rendered":"Se trabaja las 24 horas para reparar los da\u00f1os en el Aeropuerto Internacional de Damasco"},"content":{"rendered":"<blockquote>\n<p style=\"text-align: justify;\"><strong>Pocas horas despu\u00e9s de la agresi\u00f3n, el personal t\u00e9cnico del Aeropuerto comenz\u00f3 las obras de mantenimiento de las partes da\u00f1adas (dos pistas, una de ellas es la principal, y la sala de control).<\/strong><\/p>\n<\/blockquote>\n<p style=\"text-align: justify;\"><span style=\"color: #800000;\"><strong>Damasco, 12 jun (SANA)\u00a0 \u00a0<\/strong><\/span>El primer ministro, Hussein Arnous, y el ministro de Transporte, Zuheir Khuzam, estuvieron este domingo al tanto de las obras de reparaci\u00f3n de las instalaciones da\u00f1adas en el Aeropuerto Internacional de Damasco, que fueron bombardeado recientemente por \u201cIsrael\u201d.<\/p>\n<p style=\"text-align: justify;\">Pocas horas despu\u00e9s de la agresi\u00f3n, el personal t\u00e9cnico del Aeropuerto comenz\u00f3 las obras de mantenimiento de las partes da\u00f1adas (dos pistas, una de ellas es la principal, y la sala de control).<\/p>\n<p style=\"text-align: justify;\">Es de se\u00f1alar que las aerol\u00edneas hab\u00edan desviado algunos de sus vuelos al Aeropuerto Internacional de Alepo, mientras que otros vuelos fueron suspendidos para evitar cualquier confusi\u00f3n o retraso, en espera de que el Aeropuerto vuelva a operar.<\/p>\n<p style=\"text-align: justify;\">El 10 del mes en curso, el enemigo israel\u00ed perpetr\u00f3 una agresi\u00f3n con r\u00e1fagas de misiles lanzados desde el Gol\u00e1n sirio ocupado, contra algunos puntos en el sur de la capital Damasco, entre ellos el Aeropuerto.<\/p>\n<p style=\"text-align: justify;\">rr\/fm<\/p>\n<p>&nbsp;<\/p>\n<div id='gallery-1' class='gallery galleryid-238434 gallery-columns-1 gallery-size-full'><figure class='gallery-item'>\n\t\t\t<div class='gallery-icon landscape'>\n\t\t\t\t<a href='https:\/\/archive.sana.sy\/es\/wp-content\/uploads\/2022\/06\/photo_2022-06-12_13-41-19-scaled.jpg'><img loading=\"lazy\" decoding=\"async\" width=\"2560\" height=\"1439\" src=\"https:\/\/archive.sana.sy\/es\/wp-content\/uploads\/2022\/06\/photo_2022-06-12_13-41-19-scaled.jpg\" class=\"attachment-full size-full\" alt=\"\" srcset=\"https:\/\/archive.sana.sy\/es\/wp-content\/uploads\/2022\/06\/photo_2022-06-12_13-41-19-scaled.jpg 2560w, https:\/\/archive.sana.sy\/es\/wp-content\/uploads\/2022\/06\/photo_2022-06-12_13-41-19-300x169.jpg 300w, https:\/\/archive.sana.sy\/es\/wp-content\/uploads\/2022\/06\/photo_2022-06-12_13-41-19-1024x576.jpg 1024w, https:\/\/archive.sana.sy\/es\/wp-content\/uploads\/2022\/06\/photo_2022-06-12_13-41-19-150x84.jpg 150w, https:\/\/archive.sana.sy\/es\/wp-content\/uploads\/2022\/06\/photo_2022-06-12_13-41-19-768x432.jpg 768w, https:\/\/archive.sana.sy\/es\/wp-content\/uploads\/2022\/06\/photo_2022-06-12_13-41-19-1536x864.jpg 1536w, https:\/\/archive.sana.sy\/es\/wp-content\/uploads\/2022\/06\/photo_2022-06-12_13-41-19-2048x1151.jpg 2048w\" sizes=\"(max-width: 2560px) 100vw, 2560px\" \/><\/a>\n\t\t\t<\/div><\/figure><figure class='gallery-item'>\n\t\t\t<div class='gallery-icon landscape'>\n\t\t\t\t<a href='https:\/\/archive.sana.sy\/es\/wp-content\/uploads\/2022\/06\/photo_2022-06-12_13-41-21-scaled.jpg'><img loading=\"lazy\" decoding=\"async\" width=\"2560\" height=\"1440\" src=\"https:\/\/archive.sana.sy\/es\/wp-content\/uploads\/2022\/06\/photo_2022-06-12_13-41-21-scaled.jpg\" class=\"attachment-full size-full\" alt=\"\" srcset=\"https:\/\/archive.sana.sy\/es\/wp-content\/uploads\/2022\/06\/photo_2022-06-12_13-41-21-scaled.jpg 2560w, https:\/\/archive.sana.sy\/es\/wp-content\/uploads\/2022\/06\/photo_2022-06-12_13-41-21-300x169.jpg 300w, https:\/\/archive.sana.sy\/es\/wp-content\/uploads\/2022\/06\/photo_2022-06-12_13-41-21-1024x576.jpg 1024w, https:\/\/archive.sana.sy\/es\/wp-content\/uploads\/2022\/06\/photo_2022-06-12_13-41-21-150x84.jpg 150w, https:\/\/archive.sana.sy\/es\/wp-content\/uploads\/2022\/06\/photo_2022-06-12_13-41-21-768x432.jpg 768w, https:\/\/archive.sana.sy\/es\/wp-content\/uploads\/2022\/06\/photo_2022-06-12_13-41-21-1536x864.jpg 1536w, https:\/\/archive.sana.sy\/es\/wp-content\/uploads\/2022\/06\/photo_2022-06-12_13-41-21-2048x1152.jpg 2048w\" sizes=\"(max-width: 2560px) 100vw, 2560px\" \/><\/a>\n\t\t\t<\/div><\/figure><figure class='gallery-item'>\n\t\t\t<div class='gallery-icon landscape'>\n\t\t\t\t<a href='https:\/\/archive.sana.sy\/es\/wp-content\/uploads\/2022\/06\/photo_2022-06-12_13-41-33-scaled.jpg'><img loading=\"lazy\" decoding=\"async\" width=\"2560\" height=\"1440\" src=\"https:\/\/archive.sana.sy\/es\/wp-content\/uploads\/2022\/06\/photo_2022-06-12_13-41-33-scaled.jpg\" class=\"attachment-full size-full\" alt=\"\" srcset=\"https:\/\/archive.sana.sy\/es\/wp-content\/uploads\/2022\/06\/photo_2022-06-12_13-41-33-scaled.jpg 2560w, https:\/\/archive.sana.sy\/es\/wp-content\/uploads\/2022\/06\/photo_2022-06-12_13-41-33-300x169.jpg 300w, https:\/\/archive.sana.sy\/es\/wp-content\/uploads\/2022\/06\/photo_2022-06-12_13-41-33-1024x576.jpg 1024w, https:\/\/archive.sana.sy\/es\/wp-content\/uploads\/2022\/06\/photo_2022-06-12_13-41-33-150x84.jpg 150w, https:\/\/archive.sana.sy\/es\/wp-content\/uploads\/2022\/06\/photo_2022-06-12_13-41-33-768x432.jpg 768w, https:\/\/archive.sana.sy\/es\/wp-content\/uploads\/2022\/06\/photo_2022-06-12_13-41-33-1536x864.jpg 1536w, https:\/\/archive.sana.sy\/es\/wp-content\/uploads\/2022\/06\/photo_2022-06-12_13-41-33-2048x1152.jpg 2048w\" sizes=\"(max-width: 2560px) 100vw, 2560px\" \/><\/a>\n\t\t\t<\/div><\/figure>\n\t\t<\/div>\n\n","protected":false},"excerpt":{"rendered":"<p>Pocas horas despu\u00e9s de la agresi\u00f3n, el personal t\u00e9cnico del Aeropuerto comenz\u00f3 las obras de mantenimiento de las partes da\u00f1adas (dos pistas, una de ellas es la principal, y la sala de control). Damasco, 12 jun (SANA)\u00a0 \u00a0El primer ministro, Hussein Arnous, y el ministro de Transporte, Zuheir Khuzam, estuvieron este domingo al tanto de &hellip;<\/p>\n","protected":false},"author":31,"featured_media":238463,"comment_status":"closed","ping_status":"closed","sticky":false,"template":"","format":"standard","meta":{"footnotes":""},"categories":[597,476,583],"tags":[],"class_list":["post-238434","post","type-post","status-publish","format-standard","has-post-thumbnail","","category-cinta-de-noticias","category-locales","category-slide"],"_links":{"self":[{"href":"https:\/\/archive.sana.sy\/es\/index.php?rest_route=\/wp\/v2\/posts\/238434"}],"collection":[{"href":"https:\/\/archive.sana.sy\/es\/index.php?rest_route=\/wp\/v2\/posts"}],"about":[{"href":"https:\/\/archive.sana.sy\/es\/index.php?rest_route=\/wp\/v2\/types\/post"}],"author":[{"embeddable":true,"href":"https:\/\/archive.sana.sy\/es\/index.php?rest_route=\/wp\/v2\/users\/31"}],"replies":[{"embeddable":true,"href":"https:\/\/archive.sana.sy\/es\/index.php?rest_route=%2Fwp%2Fv2%2Fcomments&post=238434"}],"version-history":[{"count":0,"href":"https:\/\/archive.sana.sy\/es\/index.php?rest_route=\/wp\/v2\/posts\/238434\/revisions"}],"wp:featuredmedia":[{"embeddable":true,"href":"https:\/\/archive.sana.sy\/es\/index.php?rest_route=\/wp\/v2\/media\/238463"}],"wp:attachment":[{"href":"https:\/\/archive.sana.sy\/es\/index.php?rest_route=%2Fwp%2Fv2%2Fmedia&parent=238434"}],"wp:term":[{"taxonomy":"category","embeddable":true,"href":"https:\/\/archive.sana.sy\/es\/index.php?rest_route=%2Fwp%2Fv2%2Fcategories&post=238434"},{"taxonomy":"post_tag","embeddable":true,"href":"https:\/\/archive.sana.sy\/es\/index.php?rest_route=%2Fwp%2Fv2%2Ftags&post=238434"}],"curies":[{"name":"wp","href":"https:\/\/api.w.org\/{rel}","templated":true}]}}