{"id":238469,"date":"2022-06-12T21:39:49","date_gmt":"2022-06-12T18:39:49","guid":{"rendered":"http:\/\/107.6.182.27\/es\/?p=238469"},"modified":"2023-01-10T15:57:31","modified_gmt":"2023-01-10T13:57:31","slug":"muere-un-mercenario-britanico-en-ucrania","status":"publish","type":"post","link":"https:\/\/archive.sana.sy\/es\/?p=238469","title":{"rendered":"Muere un mercenario brit\u00e1nico en Ucrania"},"content":{"rendered":"<p style=\"text-align: justify;\"><span style=\"color: #800000;\"><strong>Londres, 12 jun (SANA)\u00a0 \u00a0<\/strong><\/span>Un mercenario, que fue un exsoldado en las filas de las fuerzas brit\u00e1nicas, muri\u00f3 mientras luchaba en las filas de los extremistas nazis en Ucrania.<\/p>\n<p style=\"text-align: justify;\">\u201cJordan Gatley, muri\u00f3 en la ciudad de Severodonetsk mientras participaba en los combates junto a las fuerzas ucranianas\u201d, cit\u00f3 este domingo la agencia France-Presse a la familia del fallecido.<\/p>\n<p style=\"text-align: justify;\">A finales del mes pasado, mercenarios brit\u00e1nicos que lucharon en Ucrania contra las fuerzas rusas revelaron en confesiones circuladas por los medios brit\u00e1nicos que veinte brit\u00e1nicos fueron eliminados all\u00ed.<\/p>\n<p style=\"text-align: justify;\">rr\/fm<\/p>\n","protected":false},"excerpt":{"rendered":"<p>Londres, 12 jun (SANA)\u00a0 \u00a0Un mercenario, que fue un exsoldado en las filas de las fuerzas brit\u00e1nicas, muri\u00f3 mientras luchaba en las filas de los extremistas nazis en Ucrania. \u201cJordan Gatley, muri\u00f3 en la ciudad de Severodonetsk mientras participaba en los combates junto a las fuerzas ucranianas\u201d, cit\u00f3 este domingo la agencia France-Presse a la &hellip;<\/p>\n","protected":false},"author":31,"featured_media":238470,"comment_status":"closed","ping_status":"closed","sticky":false,"template":"","format":"standard","meta":{"footnotes":""},"categories":[456],"tags":[],"class_list":["post-238469","post","type-post","status-publish","format-standard","has-post-thumbnail","","category-arabe-internacional-politica"],"_links":{"self":[{"href":"https:\/\/archive.sana.sy\/es\/index.php?rest_route=\/wp\/v2\/posts\/238469"}],"collection":[{"href":"https:\/\/archive.sana.sy\/es\/index.php?rest_route=\/wp\/v2\/posts"}],"about":[{"href":"https:\/\/archive.sana.sy\/es\/index.php?rest_route=\/wp\/v2\/types\/post"}],"author":[{"embeddable":true,"href":"https:\/\/archive.sana.sy\/es\/index.php?rest_route=\/wp\/v2\/users\/31"}],"replies":[{"embeddable":true,"href":"https:\/\/archive.sana.sy\/es\/index.php?rest_route=%2Fwp%2Fv2%2Fcomments&post=238469"}],"version-history":[{"count":0,"href":"https:\/\/archive.sana.sy\/es\/index.php?rest_route=\/wp\/v2\/posts\/238469\/revisions"}],"wp:featuredmedia":[{"embeddable":true,"href":"https:\/\/archive.sana.sy\/es\/index.php?rest_route=\/wp\/v2\/media\/238470"}],"wp:attachment":[{"href":"https:\/\/archive.sana.sy\/es\/index.php?rest_route=%2Fwp%2Fv2%2Fmedia&parent=238469"}],"wp:term":[{"taxonomy":"category","embeddable":true,"href":"https:\/\/archive.sana.sy\/es\/index.php?rest_route=%2Fwp%2Fv2%2Fcategories&post=238469"},{"taxonomy":"post_tag","embeddable":true,"href":"https:\/\/archive.sana.sy\/es\/index.php?rest_route=%2Fwp%2Fv2%2Ftags&post=238469"}],"curies":[{"name":"wp","href":"https:\/\/api.w.org\/{rel}","templated":true}]}}