{"id":23856,"date":"2015-05-24T17:11:58","date_gmt":"2015-05-24T14:11:58","guid":{"rendered":"http:\/\/www.sana.sy\/es\/?p=23856"},"modified":"2015-05-24T17:11:58","modified_gmt":"2015-05-24T14:11:58","slug":"primer-ministro-inaugura-un-taller-sobre-la-educacion-tecnica","status":"publish","type":"post","link":"https:\/\/archive.sana.sy\/es\/?p=23856","title":{"rendered":"Primer Ministro inaugura un taller sobre la educaci\u00f3n t\u00e9cnica"},"content":{"rendered":"<p><span style=\"color: #800000\">Damasco, SANA<\/span><\/p>\n<p>Se dio inicio este domingo a un taller organizado por la Universidad de Damasco en cooperaci\u00f3n con el Consejo Superior de la Educaci\u00f3n T\u00e9cnica sobre la situaci\u00f3n de los institutos t\u00e9cnicos dependientes de la universidad y los medios de desarrollarlos.<\/p>\n<p>Este taller que durar\u00e1 dos d\u00edas tiene por objetivo evaluar la situaci\u00f3n de los institutos t\u00e9cnicos y debatir las v\u00edas capaces de desarrollarlos, as\u00ed como poner el mercado de trabajo al tanto de las capacidades de los graduados de estos institutos.<\/p>\n<p>Al inaugurar el taller, el primer ministro, Wael al-Halqui pronunci\u00f3 una palabra en la cual expres\u00f3 el gran inter\u00e9s que brinda el presidente Bashar al-Assad y el gobierno a la educaci\u00f3n t\u00e9cnica, por su importancia en la creaci\u00f3n del capital humano y su eficiente papel en la etapa de reconstrucci\u00f3n del pa\u00eds.<\/p>\n<p>En este contexto, al-Halqui explic\u00f3 que el gabinete aprob\u00f3 una resoluci\u00f3n que estipula bajar la tributaci\u00f3n impuesta sobre las compa\u00f1\u00edas y establecimientos del sector p\u00fablico y privado que participan en la formaci\u00f3n de los alumnos de los establecimientos de la educaci\u00f3n t\u00e9cnica y tecnol\u00f3gica.<\/p>\n<p>En cuanto al proceso de reconstrucci\u00f3n, el jefe del gabinete se\u00f1al\u00f3 que el Comit\u00e9 de Reconstrucci\u00f3n sigue complementando el plan de contingencia de la reconstrucci\u00f3n de los organismos p\u00fablicos del a\u00f1o 2015 y por un valor total estimado en 18,840 mil millones de libras sirias.<\/p>\n<p>Al-Halqui se\u00f1al\u00f3 que la reconstrucci\u00f3n iniciar\u00e1 en las zonas donde el ej\u00e9rcito restableci\u00f3 la seguridad, dirigiendo un llamamiento a los empresarios sirios dentro y fuera del pa\u00eds para participar en este proceso.<br \/>\nEl jefe del Ejecutivo asegur\u00f3 que la econom\u00eda siria, pese a todos los retos mantiene su equilibrio, agregando que el gobierno sigue brindando los servicios gratuitos a todos los ciudadanos, y trabaja para garantizar los requisitos del programa de socorro e indemnizar a los afectados.<\/p>\n<p>Asimismo hizo hincapi\u00e9 en que el gobierno seguir\u00e1 concediendo la atenci\u00f3n necesaria a las familias de los m\u00e1rtires y los heridos de guerra.<\/p>\n<p>A su vez, el ministro de Educaci\u00f3n Superior, Mohammad Amer al-Mardini destac\u00f3 la importancia de mejorar el rendimiento de los institutos t\u00e9cnicos para que desempe\u00f1e su papel en el proceso de desarrollo y construcci\u00f3n del pa\u00eds.<\/p>\n<p>&nbsp;<\/p>\n<div id='gallery-1' class='gallery galleryid-23856 gallery-columns-3 gallery-size-thumbnail'><figure class='gallery-item'>\n\t\t\t<div class='gallery-icon landscape'>\n\t\t\t\t<a href='https:\/\/archive.sana.sy\/es\/wp-content\/uploads\/2015\/05\/taller-3.jpg'><img loading=\"lazy\" decoding=\"async\" width=\"150\" height=\"109\" src=\"https:\/\/archive.sana.sy\/es\/wp-content\/uploads\/2015\/05\/taller-3-150x109.jpg\" class=\"attachment-thumbnail size-thumbnail\" alt=\"\" srcset=\"https:\/\/archive.sana.sy\/es\/wp-content\/uploads\/2015\/05\/taller-3-150x109.jpg 150w, https:\/\/archive.sana.sy\/es\/wp-content\/uploads\/2015\/05\/taller-3-300x218.jpg 300w, https:\/\/archive.sana.sy\/es\/wp-content\/uploads\/2015\/05\/taller-3.jpg 500w\" sizes=\"(max-width: 150px) 100vw, 150px\" \/><\/a>\n\t\t\t<\/div><\/figure><figure class='gallery-item'>\n\t\t\t<div class='gallery-icon landscape'>\n\t\t\t\t<a href='https:\/\/archive.sana.sy\/es\/wp-content\/uploads\/2015\/05\/taller-2.jpg'><img loading=\"lazy\" decoding=\"async\" width=\"150\" height=\"100\" src=\"https:\/\/archive.sana.sy\/es\/wp-content\/uploads\/2015\/05\/taller-2-150x100.jpg\" class=\"attachment-thumbnail size-thumbnail\" alt=\"\" srcset=\"https:\/\/archive.sana.sy\/es\/wp-content\/uploads\/2015\/05\/taller-2-150x100.jpg 150w, https:\/\/archive.sana.sy\/es\/wp-content\/uploads\/2015\/05\/taller-2-300x200.jpg 300w, https:\/\/archive.sana.sy\/es\/wp-content\/uploads\/2015\/05\/taller-2.jpg 500w\" sizes=\"(max-width: 150px) 100vw, 150px\" \/><\/a>\n\t\t\t<\/div><\/figure><figure class='gallery-item'>\n\t\t\t<div class='gallery-icon landscape'>\n\t\t\t\t<a href='https:\/\/archive.sana.sy\/es\/wp-content\/uploads\/2015\/05\/taller-1.jpg'><img loading=\"lazy\" decoding=\"async\" width=\"150\" height=\"97\" src=\"https:\/\/archive.sana.sy\/es\/wp-content\/uploads\/2015\/05\/taller-1-150x97.jpg\" class=\"attachment-thumbnail size-thumbnail\" alt=\"\" srcset=\"https:\/\/archive.sana.sy\/es\/wp-content\/uploads\/2015\/05\/taller-1-150x97.jpg 150w, https:\/\/archive.sana.sy\/es\/wp-content\/uploads\/2015\/05\/taller-1-300x193.jpg 300w, https:\/\/archive.sana.sy\/es\/wp-content\/uploads\/2015\/05\/taller-1.jpg 500w\" sizes=\"(max-width: 150px) 100vw, 150px\" \/><\/a>\n\t\t\t<\/div><\/figure>\n\t\t<\/div>\n\nLynn A., Riyad Sh.<\/p>\n","protected":false},"excerpt":{"rendered":"<p>Damasco, SANA Se dio inicio este domingo a un taller organizado por la Universidad de Damasco en cooperaci\u00f3n con el Consejo Superior de la Educaci\u00f3n T\u00e9cnica sobre la situaci\u00f3n de los institutos t\u00e9cnicos dependientes de la universidad y los medios de desarrollarlos. Este taller que durar\u00e1 dos d\u00edas tiene por objetivo evaluar la situaci\u00f3n de &hellip;<\/p>\n","protected":false},"author":24,"featured_media":23857,"comment_status":"closed","ping_status":"closed","sticky":false,"template":"","format":"standard","meta":{"footnotes":""},"categories":[477,476],"tags":[5387],"class_list":["post-23856","post","type-post","status-publish","format-standard","has-post-thumbnail","","category-noticias-edulcorantes","category-locales","tag-primer-ministro-inaugura-un-taller-sobre-la-educacion-tecnica"],"_links":{"self":[{"href":"https:\/\/archive.sana.sy\/es\/index.php?rest_route=\/wp\/v2\/posts\/23856"}],"collection":[{"href":"https:\/\/archive.sana.sy\/es\/index.php?rest_route=\/wp\/v2\/posts"}],"about":[{"href":"https:\/\/archive.sana.sy\/es\/index.php?rest_route=\/wp\/v2\/types\/post"}],"author":[{"embeddable":true,"href":"https:\/\/archive.sana.sy\/es\/index.php?rest_route=\/wp\/v2\/users\/24"}],"replies":[{"embeddable":true,"href":"https:\/\/archive.sana.sy\/es\/index.php?rest_route=%2Fwp%2Fv2%2Fcomments&post=23856"}],"version-history":[{"count":0,"href":"https:\/\/archive.sana.sy\/es\/index.php?rest_route=\/wp\/v2\/posts\/23856\/revisions"}],"wp:featuredmedia":[{"embeddable":true,"href":"https:\/\/archive.sana.sy\/es\/index.php?rest_route=\/wp\/v2\/media\/23857"}],"wp:attachment":[{"href":"https:\/\/archive.sana.sy\/es\/index.php?rest_route=%2Fwp%2Fv2%2Fmedia&parent=23856"}],"wp:term":[{"taxonomy":"category","embeddable":true,"href":"https:\/\/archive.sana.sy\/es\/index.php?rest_route=%2Fwp%2Fv2%2Fcategories&post=23856"},{"taxonomy":"post_tag","embeddable":true,"href":"https:\/\/archive.sana.sy\/es\/index.php?rest_route=%2Fwp%2Fv2%2Ftags&post=23856"}],"curies":[{"name":"wp","href":"https:\/\/api.w.org\/{rel}","templated":true}]}}