{"id":23868,"date":"2015-05-24T21:36:21","date_gmt":"2015-05-24T18:36:21","guid":{"rendered":"http:\/\/sana.sy\/es\/?p=23868"},"modified":"2015-05-24T21:40:26","modified_gmt":"2015-05-24T18:40:26","slug":"nasrallah-el-denominado-ejercito-de-%c2%a8fatah%c2%a8-representa-a-la-organizacion-terrorista-del-frente-al-nusra","status":"publish","type":"post","link":"https:\/\/archive.sana.sy\/es\/?p=23868","title":{"rendered":"Nasrallah: El denominado Ej\u00e9rcito de \u00a8Fatah\u00a8, representa a la organizaci\u00f3n terrorista del frente Al-Nusra"},"content":{"rendered":"<p>Beirut-SANA<\/p>\n<p>Con ocasi\u00f3n de la derrota del enemigo israel\u00ed en el sur del L\u00edbano en el a\u00f1o 2000, el secretario general de Hizb\u00f3lah, Al-Sayed Hassan Nasrallah, pronunci\u00f3 una palabra dirigiendo un saludo a Siria como dirigencia y pueblo y a todos los que han apoyado a la resistencia para que alcance esta victoria.<\/p>\n<p>Nasrallah Dijo que la historia se repite hoy en d\u00eda a trav\u00e9s del proyecto takfiri extremista brutal se\u00f1alando que estamos hoy ante un proyecto que se concreta sobre el terreno haciendo uso de la agresi\u00f3n y las brutales masacres.<\/p>\n<p>Asimismo, Se\u00f1al\u00f3 que el DAESH no es un peque\u00f1o grupo, sino que se extiende en una amplia zona de Siria, Irak y otros lugares, haciendo hincapi\u00e9 en que debemos entender el peligro y la amenaza de estos grupos en cuanto a lo que algunos todav\u00eda se mantienen neutrales, a tal punto que algunos apoyan y apuestan por estos grupos terroristas, diciendo que estamos enfrentando hoy un peligro sin precedente que no tiene paralelo en la historia y es un riesgo que amenaza a todos los pueblos de la regi\u00f3n.<\/p>\n<p>Asegur\u00f3 que la batalla por el Qalamoun seguir\u00e1 en marcha hasta que el ej\u00e9rcito sirio y la defensa popular y la resistencia libanesa consigan controlar toda la frontera sirio-libanesa.<br \/>\n\u00a8Gracias al apoyo del pueblo sirio a su ej\u00e9rcito y la defensa popular Siria ha estado firme frente a la guerra c\u00f3smica desatada en su contra\u00a8, puntualiz\u00f3.<\/p>\n<p>\u00a8Nosotros junta al ej\u00e9rcito y la defensa popular en Siria podemos triunfar sobre el proyecto takfiri y estamos luchando en Siria para defender a todos\u00a8, subray\u00f3.<\/p>\n<p>En cuanto a lo denominado ej\u00e9rcito \u00a8Fatah\u00a8, Nasrallah destac\u00f3 que no existe tal ej\u00e9rcito sino el mismo representa al frente Al-Nusra, rama de Al-Qaeda en el levante, agregando que algunos quieren mejorar la imagen de esta organizaci\u00f3n terrorista y designarla un nuevo nombre.<\/p>\n<p>Nasrallah Llam\u00f3 a los que apuestan por el &#8220;DAESH&#8221; a revisar sus posturas, ya que ser\u00e1n las primeras v\u00edctimas de esta organizaci\u00f3n terrorista.<\/p>\n<p>Asimismo invit\u00f3 a tomar la iniciativa y encontrar las v\u00edas y las opciones en la guerra contra estos grupos armados, se\u00f1alando el fracaso de las fuerzas de la coalici\u00f3n internacional y sus bombardeos contra el DAESH, afirmando que la acertada opci\u00f3n es que los libaneses, iraqu\u00edes y sirios act\u00faen unidos con el apoyo de los verdaderos amigos, encabezados por Ir\u00e1n para que puedan ganar la guerra contra estos grupos takfir\u00edes.<br \/>\nAsimismo invit\u00f3 a quienes adopten una postura neutral a que renuncien esta postura, asegurando que los opositores y la llamada coalici\u00f3n opositora siria, no se atreven a visitar las zonas bajo control del DAESH.<\/p>\n<p>El secretario general de Hizb\u00f3lah les dijo a los opositores del presidente Bashar Al-Assad, que deban preocuparse por los avances de los grupos terroristas y no por los triunfos de sus contrarios, se\u00f1alando que su partido est\u00e1 dispuesto a garantizar la seguridad de la otra parte en caso triunfe el gobierno del presidente Al-Assad en su guerra contra los grupos armados.<\/p>\n<p>Por \u00faltimo, invit\u00f3 a apegarse al ej\u00e9rcito, el pueblo y la resistencia, subrayando que la fuerza del enemigo israel\u00ed radica en la divisi\u00f3n de los pueblos de la regi\u00f3n.<\/p>\n<p>Yamil K.<\/p>\n","protected":false},"excerpt":{"rendered":"<p>Beirut-SANA Con ocasi\u00f3n de la derrota del enemigo israel\u00ed en el sur del L\u00edbano en el a\u00f1o 2000, el secretario general de Hizb\u00f3lah, Al-Sayed Hassan Nasrallah, pronunci\u00f3 una palabra dirigiendo un saludo a Siria como dirigencia y pueblo y a todos los que han apoyado a la resistencia para que alcance esta victoria. Nasrallah Dijo &hellip;<\/p>\n","protected":false},"author":1,"featured_media":23869,"comment_status":"closed","ping_status":"closed","sticky":false,"template":"","format":"standard","meta":{"footnotes":""},"categories":[456,457,576],"tags":[],"class_list":["post-23868","post","type-post","status-publish","format-standard","has-post-thumbnail","","category-arabe-internacional-politica","category-noticias-arabe-internacional-politica","category-noticias-politicas"],"_links":{"self":[{"href":"https:\/\/archive.sana.sy\/es\/index.php?rest_route=\/wp\/v2\/posts\/23868"}],"collection":[{"href":"https:\/\/archive.sana.sy\/es\/index.php?rest_route=\/wp\/v2\/posts"}],"about":[{"href":"https:\/\/archive.sana.sy\/es\/index.php?rest_route=\/wp\/v2\/types\/post"}],"author":[{"embeddable":true,"href":"https:\/\/archive.sana.sy\/es\/index.php?rest_route=\/wp\/v2\/users\/1"}],"replies":[{"embeddable":true,"href":"https:\/\/archive.sana.sy\/es\/index.php?rest_route=%2Fwp%2Fv2%2Fcomments&post=23868"}],"version-history":[{"count":0,"href":"https:\/\/archive.sana.sy\/es\/index.php?rest_route=\/wp\/v2\/posts\/23868\/revisions"}],"wp:featuredmedia":[{"embeddable":true,"href":"https:\/\/archive.sana.sy\/es\/index.php?rest_route=\/wp\/v2\/media\/23869"}],"wp:attachment":[{"href":"https:\/\/archive.sana.sy\/es\/index.php?rest_route=%2Fwp%2Fv2%2Fmedia&parent=23868"}],"wp:term":[{"taxonomy":"category","embeddable":true,"href":"https:\/\/archive.sana.sy\/es\/index.php?rest_route=%2Fwp%2Fv2%2Fcategories&post=23868"},{"taxonomy":"post_tag","embeddable":true,"href":"https:\/\/archive.sana.sy\/es\/index.php?rest_route=%2Fwp%2Fv2%2Ftags&post=23868"}],"curies":[{"name":"wp","href":"https:\/\/api.w.org\/{rel}","templated":true}]}}