{"id":23871,"date":"2015-05-24T21:03:56","date_gmt":"2015-05-24T18:03:56","guid":{"rendered":"http:\/\/sana.sy\/es\/?p=23871"},"modified":"2015-05-24T21:03:56","modified_gmt":"2015-05-24T18:03:56","slug":"inician-labores-del-taller-sobre-la-situacion-de-los-institutos-tecnicos-dependientes-de-la-universidad-y-los-medios-de-desarrollarlos","status":"publish","type":"post","link":"https:\/\/archive.sana.sy\/es\/?p=23871","title":{"rendered":"Inician labores del taller sobre la situaci\u00f3n de los institutos t\u00e9cnicos dependientes de la universidad y los medios de desarrollarlos"},"content":{"rendered":"<p>Damasco-SANA<\/p>\n<p>El primer ministro Wael Al-Halaqui dio inicio a las labores de un taller organizado por la Universidad de Damasco en cooperaci\u00f3n con el Consejo Superior de la Educaci\u00f3n T\u00e9cnica sobre la situaci\u00f3n de los institutos t\u00e9cnicos dependientes de la universidad y los medios de desarrollarlos.<br \/>\nEl Primer Ministro Dr. Wael Al-Halaqui destac\u00f3 en el acto de apertura del taller organizado por la Universidad de Damasco, bajo el t\u00edtulo &#8220;la realidad de los institutos t\u00e9cnicos dependientes de la Universidad de Damasco y las v\u00edas de desarrollarlas&#8221; la importancia de la celebraci\u00f3n de este taller en esta etapa y el papel que desempe\u00f1an los institutos t\u00e9cnicos en la fase de la reconstrucci\u00f3n debido al hecho de que los graduados tienen la base te\u00f3rica principal , adem\u00e1s de una experiencia en la parte cient\u00edfica y pr\u00e1ctica.<\/p>\n<p>Al-Halaqui explico que la reconstrucci\u00f3n en su concepto integral, sea en la infraestructura, lo econ\u00f3mico, de servicios o a nivel de la eficiencia del capital humano, es uno de los temas m\u00e1s importantes que se presentan con mucha fuerza en esta fase sensible de la historia del pa\u00eds.<\/p>\n<p>Por su parte, El ministro de Educaci\u00f3n Superior Dr. Mohammed Amer Al-Mardini, subray\u00f3 que el ser humano es el factor decisivo en esta etapa y que la educaci\u00f3n tecnol\u00f3gica es uno de los factores m\u00e1s importantes para alcanzar el desarrollo sostenible y que el progreso en la realidad econ\u00f3mica no se puede lograr sin el avance en la educaci\u00f3n tecnol\u00f3gica.<\/p>\n<p>Asimismo Dr. Hassan AL KurdI Presidente de la UNIVERSIDAD DE Damasco manifest\u00f3 que la universidad est\u00e1 trabajando por su propio desarrollo, por la rehabilitaci\u00f3n y por el adiestramiento de los cuadros necesarios del proceso de producci\u00f3n.<\/p>\n<p>Yamil K.<\/p>\n","protected":false},"excerpt":{"rendered":"<p>Damasco-SANA El primer ministro Wael Al-Halaqui dio inicio a las labores de un taller organizado por la Universidad de Damasco en cooperaci\u00f3n con el Consejo Superior de la Educaci\u00f3n T\u00e9cnica sobre la situaci\u00f3n de los institutos t\u00e9cnicos dependientes de la universidad y los medios de desarrollarlos. El Primer Ministro Dr. Wael Al-Halaqui destac\u00f3 en el &hellip;<\/p>\n","protected":false},"author":1,"featured_media":23872,"comment_status":"closed","ping_status":"closed","sticky":false,"template":"","format":"standard","meta":{"footnotes":""},"categories":[477,476],"tags":[],"class_list":["post-23871","post","type-post","status-publish","format-standard","has-post-thumbnail","","category-noticias-edulcorantes","category-locales"],"_links":{"self":[{"href":"https:\/\/archive.sana.sy\/es\/index.php?rest_route=\/wp\/v2\/posts\/23871"}],"collection":[{"href":"https:\/\/archive.sana.sy\/es\/index.php?rest_route=\/wp\/v2\/posts"}],"about":[{"href":"https:\/\/archive.sana.sy\/es\/index.php?rest_route=\/wp\/v2\/types\/post"}],"author":[{"embeddable":true,"href":"https:\/\/archive.sana.sy\/es\/index.php?rest_route=\/wp\/v2\/users\/1"}],"replies":[{"embeddable":true,"href":"https:\/\/archive.sana.sy\/es\/index.php?rest_route=%2Fwp%2Fv2%2Fcomments&post=23871"}],"version-history":[{"count":0,"href":"https:\/\/archive.sana.sy\/es\/index.php?rest_route=\/wp\/v2\/posts\/23871\/revisions"}],"wp:featuredmedia":[{"embeddable":true,"href":"https:\/\/archive.sana.sy\/es\/index.php?rest_route=\/wp\/v2\/media\/23872"}],"wp:attachment":[{"href":"https:\/\/archive.sana.sy\/es\/index.php?rest_route=%2Fwp%2Fv2%2Fmedia&parent=23871"}],"wp:term":[{"taxonomy":"category","embeddable":true,"href":"https:\/\/archive.sana.sy\/es\/index.php?rest_route=%2Fwp%2Fv2%2Fcategories&post=23871"},{"taxonomy":"post_tag","embeddable":true,"href":"https:\/\/archive.sana.sy\/es\/index.php?rest_route=%2Fwp%2Fv2%2Ftags&post=23871"}],"curies":[{"name":"wp","href":"https:\/\/api.w.org\/{rel}","templated":true}]}}