{"id":23874,"date":"2015-05-24T21:30:50","date_gmt":"2015-05-24T18:30:50","guid":{"rendered":"http:\/\/sana.sy\/es\/?p=23874"},"modified":"2015-05-24T21:42:04","modified_gmt":"2015-05-24T18:42:04","slug":"yazayeri-la-organizacion-terrorista-del-eiil-daesh-es-producto-de-los-eeuu","status":"publish","type":"post","link":"https:\/\/archive.sana.sy\/es\/?p=23874","title":{"rendered":"Yazayeri: la organizaci\u00f3n terrorista del EIIL (DAESH) es producto de los EEUU"},"content":{"rendered":"<p>Teher\u00e1n-SANA<\/p>\n<p>El vicecomandante iran\u00ed del Estado Mayor de las Fuerzas Armadas, el general de brigada Masud Yazayeri, ha asegurado este domingo que Siria constituye un eslab\u00f3n crucial en la cadena de la resistencia, por tanto todos deben apoyar al Gobierno y la naci\u00f3n de Siria en su lucha contra el terrorismo, creado por los EEUU.<\/p>\n<p>Ante los comandantes y las autoridades de las Fuerzas Armadas de Ir\u00e1n, en Teher\u00e1n, Yazayeri subray\u00f3 que los Estados Unidos fracasar\u00e1 en Siria, se\u00f1alando que el pueblo sirio est\u00e1 aferrado a la resistencia y determinado a derrotar a sus enemigos.<\/p>\n<p>Afirm\u00f3 que la organizaci\u00f3n terrorista del EIIL (DAESH) es producto estadounidense para tergiversar la imagen del Islam, crear lo denominado el nuevo Oriente Medio, realizar cambios que favorezcan al r\u00e9gimen de Israel, socavar la voluntad de la resistencia, y eliminar las culturas y civilizaciones de la regi\u00f3n.<\/p>\n<p>Yamil K.<\/p>\n","protected":false},"excerpt":{"rendered":"<p>Teher\u00e1n-SANA El vicecomandante iran\u00ed del Estado Mayor de las Fuerzas Armadas, el general de brigada Masud Yazayeri, ha asegurado este domingo que Siria constituye un eslab\u00f3n crucial en la cadena de la resistencia, por tanto todos deben apoyar al Gobierno y la naci\u00f3n de Siria en su lucha contra el terrorismo, creado por los EEUU. &hellip;<\/p>\n","protected":false},"author":1,"featured_media":23875,"comment_status":"closed","ping_status":"closed","sticky":false,"template":"","format":"standard","meta":{"footnotes":""},"categories":[456,457,576],"tags":[],"class_list":["post-23874","post","type-post","status-publish","format-standard","has-post-thumbnail","","category-arabe-internacional-politica","category-noticias-arabe-internacional-politica","category-noticias-politicas"],"_links":{"self":[{"href":"https:\/\/archive.sana.sy\/es\/index.php?rest_route=\/wp\/v2\/posts\/23874"}],"collection":[{"href":"https:\/\/archive.sana.sy\/es\/index.php?rest_route=\/wp\/v2\/posts"}],"about":[{"href":"https:\/\/archive.sana.sy\/es\/index.php?rest_route=\/wp\/v2\/types\/post"}],"author":[{"embeddable":true,"href":"https:\/\/archive.sana.sy\/es\/index.php?rest_route=\/wp\/v2\/users\/1"}],"replies":[{"embeddable":true,"href":"https:\/\/archive.sana.sy\/es\/index.php?rest_route=%2Fwp%2Fv2%2Fcomments&post=23874"}],"version-history":[{"count":0,"href":"https:\/\/archive.sana.sy\/es\/index.php?rest_route=\/wp\/v2\/posts\/23874\/revisions"}],"wp:featuredmedia":[{"embeddable":true,"href":"https:\/\/archive.sana.sy\/es\/index.php?rest_route=\/wp\/v2\/media\/23875"}],"wp:attachment":[{"href":"https:\/\/archive.sana.sy\/es\/index.php?rest_route=%2Fwp%2Fv2%2Fmedia&parent=23874"}],"wp:term":[{"taxonomy":"category","embeddable":true,"href":"https:\/\/archive.sana.sy\/es\/index.php?rest_route=%2Fwp%2Fv2%2Fcategories&post=23874"},{"taxonomy":"post_tag","embeddable":true,"href":"https:\/\/archive.sana.sy\/es\/index.php?rest_route=%2Fwp%2Fv2%2Ftags&post=23874"}],"curies":[{"name":"wp","href":"https:\/\/api.w.org\/{rel}","templated":true}]}}